{"id":772,"date":"2024-08-30T22:51:00","date_gmt":"2024-08-30T22:51:00","guid":{"rendered":"https:\/\/www.csiliz.sk\/?p=772"},"modified":"2026-04-20T09:53:29","modified_gmt":"2026-04-20T09:53:29","slug":"jon-a-iii-csiliz-menti-langfutas-fontos-informaciok","status":"publish","type":"post","link":"https:\/\/www.csiliz.sk\/?p=772","title":{"rendered":"J\u00f6n a III. Csiliz Menti L\u00e1ngfut\u00e1s &#8211; fontos inform\u00e1ci\u00f3k"},"content":{"rendered":"\t\t<div data-elementor-type=\"wp-post\" data-elementor-id=\"772\" class=\"elementor elementor-772\" data-elementor-post-type=\"post\">\n\t\t\t\t<div class=\"elementor-element elementor-element-a5b43d9 e-flex e-con-boxed e-con e-parent\" data-id=\"a5b43d9\" data-element_type=\"container\" data-core-v316-plus=\"true\">\n\t\t\t\t\t<div class=\"e-con-inner\">\n\t\t\t\t<div class=\"elementor-element elementor-element-3d86d06 elementor-widget elementor-widget-text-editor\" data-id=\"3d86d06\" data-element_type=\"widget\" data-widget_type=\"text-editor.default\">\n\t\t\t\t<div class=\"elementor-widget-container\">\n\t\t\t<style>\/*! elementor - v3.20.0 - 26-03-2024 *\/\n.elementor-widget-text-editor.elementor-drop-cap-view-stacked .elementor-drop-cap{background-color:#69727d;color:#fff}.elementor-widget-text-editor.elementor-drop-cap-view-framed .elementor-drop-cap{color:#69727d;border:3px solid;background-color:transparent}.elementor-widget-text-editor:not(.elementor-drop-cap-view-default) .elementor-drop-cap{margin-top:8px}.elementor-widget-text-editor:not(.elementor-drop-cap-view-default) .elementor-drop-cap-letter{width:1em;height:1em}.elementor-widget-text-editor .elementor-drop-cap{float:left;text-align:center;line-height:1;font-size:50px}.elementor-widget-text-editor .elementor-drop-cap-letter{display:inline-block}<\/style>\t\t\t\t<h5>A Csiliz Menti N\u00e9pf\u0151iskola szeptember 21-\u00e9n tartja meg a Csiliz Menti L\u00e1ngfut\u00e1s III. fordul\u00f3j\u00e1t, amelynek h\u00e1zigazd\u00e1ja Csilizradv\u00e1ny lesz.<\/h5><p>El\u0151zetesen<a href=\"https:\/\/docs.google.com\/forms\/d\/e\/1FAIpQLSdusO0xLMd1poaPO03BLAnzEGkPI93BefZKTRrLN-KTw0tAKg\/viewform?fbclid=IwZXh0bgNhZW0CMTEAAR347pKYvRFAD1r67bCc9x3f2HxuISmDhPkUTZ9tKsLP4__QCE3e8wUsDLE_aem_CBXyEf_243iTMJAeqOniAw\" target=\"_blank\" rel=\"noopener\"><em><span style=\"text-decoration: underline;\"><strong> regisztr\u00e1lni ezen a linken lehet.\u00a0<\/strong><\/span><\/em><\/a><\/p><p>A szervez\u0151k felh\u00edvt\u00e1k a figyelmet, hogy a babakocsis anyuk\u00e1k, gyerekek \u00e9s id\u0151sek sz\u00e1m\u00e1ra lehet\u0151s\u00e9g van kev\u00e9sb\u00e9 ambici\u00f3zus kateg\u00f3ri\u00e1ban is nevezni. A Nagy-t\u00f3 K\u00f6r hozz\u00e1vet\u0151leges 1,5 kilom\u00e9teres t\u00e1v lefut\u00e1s\u00e1t jelenti.<\/p><p>A mer\u00e9szebbek a Kisradv\u00e1ny-k\u00f6r 3 kilom\u00e9teres t\u00e1vj\u00e1n tehetik pr\u00f3b\u00e1ra magukat. A leghosszabb t\u00e1v a Balonyi-k\u00f6r, ami 6 kilom\u00e9teres t\u00e1vot jelent.<\/p><p>\u00a0<\/p><p>\/csmn\/<\/p>\t\t\t\t\t\t<\/div>\n\t\t\t\t<\/div>\n\t\t\t\t\t<\/div>\n\t\t\t\t<\/div>\n\t\t\t\t<\/div>\n\t\t","protected":false},"excerpt":{"rendered":"<p>A Csiliz Menti N\u00e9pf\u0151iskola szeptember 21-\u00e9n tartja meg a Csiliz Menti L\u00e1ngfut\u00e1s III. fordul\u00f3j\u00e1t, amelynek h\u00e1zigazd\u00e1ja Csilizradv\u00e1ny lesz. El\u0151zetesen regisztr\u00e1lni ezen a linken lehet.\u00a0 A szervez\u0151k felh\u00edvt\u00e1k a figyelmet, hogy a babakocsis anyuk\u00e1k, gyerekek \u00e9s id\u0151sek sz\u00e1m\u00e1ra lehet\u0151s\u00e9g van kev\u00e9sb\u00e9 ambici\u00f3zus kateg\u00f3ri\u00e1ban is nevezni. A Nagy-t\u00f3 K\u00f6r hozz\u00e1vet\u0151leges 1,5 kilom\u00e9teres t\u00e1v lefut\u00e1s\u00e1t jelenti. A mer\u00e9szebbek [&hellip;]<\/p>\n","protected":false},"author":3,"featured_media":560,"comment_status":"open","ping_status":"open","sticky":false,"template":"","format":"standard","meta":{"_monsterinsights_skip_tracking":false,"_monsterinsights_sitenote_active":false,"_monsterinsights_sitenote_note":"","_monsterinsights_sitenote_category":0,"footnotes":""},"categories":[5,62,59],"tags":[22,29,15],"class_list":["post-772","post","type-post","status-publish","format-standard","has-post-thumbnail","hentry","category-hirek","category-mozdulj-csiliz-mente","category-programok","tag-csiliz-menti-nepfoiskola","tag-csilizradvany","tag-langfutas"],"yoast_head":"<!-- This site is optimized with the Yoast SEO plugin v22.3 - https:\/\/yoast.com\/wordpress\/plugins\/seo\/ -->\n<title>J\u00f6n a III. Csiliz Menti L\u00e1ngfut\u00e1s - fontos inform\u00e1ci\u00f3k - Csiliz Menti N\u00e9pf\u0151iskola<\/title>\n<meta name=\"robots\" content=\"index, follow, max-snippet:-1, max-image-preview:large, max-video-preview:-1\" \/>\n<link rel=\"canonical\" href=\"https:\/\/www.csiliz.sk\/?p=772\" \/>\n<meta property=\"og:locale\" content=\"hu_HU\" \/>\n<meta property=\"og:type\" content=\"article\" \/>\n<meta property=\"og:title\" content=\"J\u00f6n a III. Csiliz Menti L\u00e1ngfut\u00e1s - fontos inform\u00e1ci\u00f3k - Csiliz Menti N\u00e9pf\u0151iskola\" \/>\n<meta property=\"og:description\" content=\"A Csiliz Menti N\u00e9pf\u0151iskola szeptember 21-\u00e9n tartja meg a Csiliz Menti L\u00e1ngfut\u00e1s III. fordul\u00f3j\u00e1t, amelynek h\u00e1zigazd\u00e1ja Csilizradv\u00e1ny lesz. El\u0151zetesen regisztr\u00e1lni ezen a linken lehet.\u00a0 A szervez\u0151k felh\u00edvt\u00e1k a figyelmet, hogy a babakocsis anyuk\u00e1k, gyerekek \u00e9s id\u0151sek sz\u00e1m\u00e1ra lehet\u0151s\u00e9g van kev\u00e9sb\u00e9 ambici\u00f3zus kateg\u00f3ri\u00e1ban is nevezni. A Nagy-t\u00f3 K\u00f6r hozz\u00e1vet\u0151leges 1,5 kilom\u00e9teres t\u00e1v lefut\u00e1s\u00e1t jelenti. A mer\u00e9szebbek [&hellip;]\" \/>\n<meta property=\"og:url\" content=\"https:\/\/www.csiliz.sk\/?p=772\" \/>\n<meta property=\"og:site_name\" content=\"Csiliz Menti N\u00e9pf\u0151iskola\" \/>\n<meta property=\"article:published_time\" content=\"2024-08-30T22:51:00+00:00\" \/>\n<meta property=\"article:modified_time\" content=\"2026-04-20T09:53:29+00:00\" \/>\n<meta property=\"og:image\" content=\"https:\/\/www.csiliz.sk\/wp-content\/uploads\/2024\/06\/342538d5-1824-48a7-9a7e-b7b440f12668-scaled.jpg\" \/>\n\t<meta property=\"og:image:width\" content=\"2560\" \/>\n\t<meta property=\"og:image:height\" content=\"1707\" \/>\n\t<meta property=\"og:image:type\" content=\"image\/jpeg\" \/>\n<meta name=\"author\" content=\"media@csiliz.sk\" \/>\n<meta name=\"twitter:card\" content=\"summary_large_image\" \/>\n<meta name=\"twitter:label1\" content=\"Szerz\u0151:\" \/>\n\t<meta name=\"twitter:data1\" content=\"media@csiliz.sk\" \/>\n\t<meta name=\"twitter:label2\" content=\"Becs\u00fclt olvas\u00e1si id\u0151\" \/>\n\t<meta name=\"twitter:data2\" content=\"1 perc\" \/>\n<script type=\"application\/ld+json\" class=\"yoast-schema-graph\">{\"@context\":\"https:\/\/schema.org\",\"@graph\":[{\"@type\":\"Article\",\"@id\":\"https:\/\/www.csiliz.sk\/?p=772#article\",\"isPartOf\":{\"@id\":\"https:\/\/www.csiliz.sk\/?p=772\"},\"author\":{\"name\":\"media@csiliz.sk\",\"@id\":\"https:\/\/www.csiliz.sk\/#\/schema\/person\/7f4cb343ebe3c0693046613acbbd9fab\"},\"headline\":\"J\u00f6n a III. Csiliz Menti L\u00e1ngfut\u00e1s &#8211; fontos inform\u00e1ci\u00f3k\",\"datePublished\":\"2024-08-30T22:51:00+00:00\",\"dateModified\":\"2026-04-20T09:53:29+00:00\",\"mainEntityOfPage\":{\"@id\":\"https:\/\/www.csiliz.sk\/?p=772\"},\"wordCount\":129,\"commentCount\":0,\"publisher\":{\"@id\":\"https:\/\/www.csiliz.sk\/#organization\"},\"image\":{\"@id\":\"https:\/\/www.csiliz.sk\/?p=772#primaryimage\"},\"thumbnailUrl\":\"https:\/\/www.csiliz.sk\/wp-content\/uploads\/2024\/06\/342538d5-1824-48a7-9a7e-b7b440f12668-scaled.jpg\",\"keywords\":[\"Csiliz Menti N\u00e9pf\u0151iskola\",\"Csilizradv\u00e1ny\",\"l\u00e1ngfut\u00e1s\"],\"articleSection\":[\"H\u00edrek\",\"Mozdulj Csiliz Mente\",\"Programok\"],\"inLanguage\":\"hu\",\"potentialAction\":[{\"@type\":\"CommentAction\",\"name\":\"Comment\",\"target\":[\"https:\/\/www.csiliz.sk\/?p=772#respond\"]}]},{\"@type\":\"WebPage\",\"@id\":\"https:\/\/www.csiliz.sk\/?p=772\",\"url\":\"https:\/\/www.csiliz.sk\/?p=772\",\"name\":\"J\u00f6n a III. Csiliz Menti L\u00e1ngfut\u00e1s - fontos inform\u00e1ci\u00f3k - Csiliz Menti N\u00e9pf\u0151iskola\",\"isPartOf\":{\"@id\":\"https:\/\/www.csiliz.sk\/#website\"},\"primaryImageOfPage\":{\"@id\":\"https:\/\/www.csiliz.sk\/?p=772#primaryimage\"},\"image\":{\"@id\":\"https:\/\/www.csiliz.sk\/?p=772#primaryimage\"},\"thumbnailUrl\":\"https:\/\/www.csiliz.sk\/wp-content\/uploads\/2024\/06\/342538d5-1824-48a7-9a7e-b7b440f12668-scaled.jpg\",\"datePublished\":\"2024-08-30T22:51:00+00:00\",\"dateModified\":\"2026-04-20T09:53:29+00:00\",\"breadcrumb\":{\"@id\":\"https:\/\/www.csiliz.sk\/?p=772#breadcrumb\"},\"inLanguage\":\"hu\",\"potentialAction\":[{\"@type\":\"ReadAction\",\"target\":[\"https:\/\/www.csiliz.sk\/?p=772\"]}]},{\"@type\":\"ImageObject\",\"inLanguage\":\"hu\",\"@id\":\"https:\/\/www.csiliz.sk\/?p=772#primaryimage\",\"url\":\"https:\/\/www.csiliz.sk\/wp-content\/uploads\/2024\/06\/342538d5-1824-48a7-9a7e-b7b440f12668-scaled.jpg\",\"contentUrl\":\"https:\/\/www.csiliz.sk\/wp-content\/uploads\/2024\/06\/342538d5-1824-48a7-9a7e-b7b440f12668-scaled.jpg\",\"width\":2560,\"height\":1707},{\"@type\":\"BreadcrumbList\",\"@id\":\"https:\/\/www.csiliz.sk\/?p=772#breadcrumb\",\"itemListElement\":[{\"@type\":\"ListItem\",\"position\":1,\"name\":\"Home\",\"item\":\"https:\/\/www.csiliz.sk\/\"},{\"@type\":\"ListItem\",\"position\":2,\"name\":\"J\u00f6n a III. Csiliz Menti L\u00e1ngfut\u00e1s &#8211; fontos inform\u00e1ci\u00f3k\"}]},{\"@type\":\"WebSite\",\"@id\":\"https:\/\/www.csiliz.sk\/#website\",\"url\":\"https:\/\/www.csiliz.sk\/\",\"name\":\"Csiliz Menti N\u00e9pf\u0151iskola\",\"description\":\"\",\"publisher\":{\"@id\":\"https:\/\/www.csiliz.sk\/#organization\"},\"potentialAction\":[{\"@type\":\"SearchAction\",\"target\":{\"@type\":\"EntryPoint\",\"urlTemplate\":\"https:\/\/www.csiliz.sk\/?s={search_term_string}\"},\"query-input\":\"required name=search_term_string\"}],\"inLanguage\":\"hu\"},{\"@type\":\"Organization\",\"@id\":\"https:\/\/www.csiliz.sk\/#organization\",\"name\":\"Csiliz Menti N\u00e9pf\u0151iskola\",\"url\":\"https:\/\/www.csiliz.sk\/\",\"logo\":{\"@type\":\"ImageObject\",\"inLanguage\":\"hu\",\"@id\":\"https:\/\/www.csiliz.sk\/#\/schema\/logo\/image\/\",\"url\":\"https:\/\/www.csiliz.sk\/wp-content\/uploads\/2023\/05\/cropped-logo_szines.png\",\"contentUrl\":\"https:\/\/www.csiliz.sk\/wp-content\/uploads\/2023\/05\/cropped-logo_szines.png\",\"width\":719,\"height\":539,\"caption\":\"Csiliz Menti N\u00e9pf\u0151iskola\"},\"image\":{\"@id\":\"https:\/\/www.csiliz.sk\/#\/schema\/logo\/image\/\"}},{\"@type\":\"Person\",\"@id\":\"https:\/\/www.csiliz.sk\/#\/schema\/person\/7f4cb343ebe3c0693046613acbbd9fab\",\"name\":\"media@csiliz.sk\",\"image\":{\"@type\":\"ImageObject\",\"inLanguage\":\"hu\",\"@id\":\"https:\/\/www.csiliz.sk\/#\/schema\/person\/image\/\",\"url\":\"https:\/\/secure.gravatar.com\/avatar\/26459f18a66dc06977cf6491bfac041898567f0deb3c3f3d8de668ec20541ca7?s=96&d=mm&r=g\",\"contentUrl\":\"https:\/\/secure.gravatar.com\/avatar\/26459f18a66dc06977cf6491bfac041898567f0deb3c3f3d8de668ec20541ca7?s=96&d=mm&r=g\",\"caption\":\"media@csiliz.sk\"},\"url\":\"https:\/\/www.csiliz.sk\/?author=3\"}]}<\/script>\n<!-- \/ Yoast SEO plugin. -->","yoast_head_json":{"title":"J\u00f6n a III. Csiliz Menti L\u00e1ngfut\u00e1s - fontos inform\u00e1ci\u00f3k - Csiliz Menti N\u00e9pf\u0151iskola","robots":{"index":"index","follow":"follow","max-snippet":"max-snippet:-1","max-image-preview":"max-image-preview:large","max-video-preview":"max-video-preview:-1"},"canonical":"https:\/\/www.csiliz.sk\/?p=772","og_locale":"hu_HU","og_type":"article","og_title":"J\u00f6n a III. Csiliz Menti L\u00e1ngfut\u00e1s - fontos inform\u00e1ci\u00f3k - Csiliz Menti N\u00e9pf\u0151iskola","og_description":"A Csiliz Menti N\u00e9pf\u0151iskola szeptember 21-\u00e9n tartja meg a Csiliz Menti L\u00e1ngfut\u00e1s III. fordul\u00f3j\u00e1t, amelynek h\u00e1zigazd\u00e1ja Csilizradv\u00e1ny lesz. El\u0151zetesen regisztr\u00e1lni ezen a linken lehet.\u00a0 A szervez\u0151k felh\u00edvt\u00e1k a figyelmet, hogy a babakocsis anyuk\u00e1k, gyerekek \u00e9s id\u0151sek sz\u00e1m\u00e1ra lehet\u0151s\u00e9g van kev\u00e9sb\u00e9 ambici\u00f3zus kateg\u00f3ri\u00e1ban is nevezni. A Nagy-t\u00f3 K\u00f6r hozz\u00e1vet\u0151leges 1,5 kilom\u00e9teres t\u00e1v lefut\u00e1s\u00e1t jelenti. A mer\u00e9szebbek [&hellip;]","og_url":"https:\/\/www.csiliz.sk\/?p=772","og_site_name":"Csiliz Menti N\u00e9pf\u0151iskola","article_published_time":"2024-08-30T22:51:00+00:00","article_modified_time":"2026-04-20T09:53:29+00:00","og_image":[{"width":2560,"height":1707,"url":"https:\/\/www.csiliz.sk\/wp-content\/uploads\/2024\/06\/342538d5-1824-48a7-9a7e-b7b440f12668-scaled.jpg","type":"image\/jpeg"}],"author":"media@csiliz.sk","twitter_card":"summary_large_image","twitter_misc":{"Szerz\u0151:":"media@csiliz.sk","Becs\u00fclt olvas\u00e1si id\u0151":"1 perc"},"schema":{"@context":"https:\/\/schema.org","@graph":[{"@type":"Article","@id":"https:\/\/www.csiliz.sk\/?p=772#article","isPartOf":{"@id":"https:\/\/www.csiliz.sk\/?p=772"},"author":{"name":"media@csiliz.sk","@id":"https:\/\/www.csiliz.sk\/#\/schema\/person\/7f4cb343ebe3c0693046613acbbd9fab"},"headline":"J\u00f6n a III. Csiliz Menti L\u00e1ngfut\u00e1s &#8211; fontos inform\u00e1ci\u00f3k","datePublished":"2024-08-30T22:51:00+00:00","dateModified":"2026-04-20T09:53:29+00:00","mainEntityOfPage":{"@id":"https:\/\/www.csiliz.sk\/?p=772"},"wordCount":129,"commentCount":0,"publisher":{"@id":"https:\/\/www.csiliz.sk\/#organization"},"image":{"@id":"https:\/\/www.csiliz.sk\/?p=772#primaryimage"},"thumbnailUrl":"https:\/\/www.csiliz.sk\/wp-content\/uploads\/2024\/06\/342538d5-1824-48a7-9a7e-b7b440f12668-scaled.jpg","keywords":["Csiliz Menti N\u00e9pf\u0151iskola","Csilizradv\u00e1ny","l\u00e1ngfut\u00e1s"],"articleSection":["H\u00edrek","Mozdulj Csiliz Mente","Programok"],"inLanguage":"hu","potentialAction":[{"@type":"CommentAction","name":"Comment","target":["https:\/\/www.csiliz.sk\/?p=772#respond"]}]},{"@type":"WebPage","@id":"https:\/\/www.csiliz.sk\/?p=772","url":"https:\/\/www.csiliz.sk\/?p=772","name":"J\u00f6n a III. Csiliz Menti L\u00e1ngfut\u00e1s - fontos inform\u00e1ci\u00f3k - Csiliz Menti N\u00e9pf\u0151iskola","isPartOf":{"@id":"https:\/\/www.csiliz.sk\/#website"},"primaryImageOfPage":{"@id":"https:\/\/www.csiliz.sk\/?p=772#primaryimage"},"image":{"@id":"https:\/\/www.csiliz.sk\/?p=772#primaryimage"},"thumbnailUrl":"https:\/\/www.csiliz.sk\/wp-content\/uploads\/2024\/06\/342538d5-1824-48a7-9a7e-b7b440f12668-scaled.jpg","datePublished":"2024-08-30T22:51:00+00:00","dateModified":"2026-04-20T09:53:29+00:00","breadcrumb":{"@id":"https:\/\/www.csiliz.sk\/?p=772#breadcrumb"},"inLanguage":"hu","potentialAction":[{"@type":"ReadAction","target":["https:\/\/www.csiliz.sk\/?p=772"]}]},{"@type":"ImageObject","inLanguage":"hu","@id":"https:\/\/www.csiliz.sk\/?p=772#primaryimage","url":"https:\/\/www.csiliz.sk\/wp-content\/uploads\/2024\/06\/342538d5-1824-48a7-9a7e-b7b440f12668-scaled.jpg","contentUrl":"https:\/\/www.csiliz.sk\/wp-content\/uploads\/2024\/06\/342538d5-1824-48a7-9a7e-b7b440f12668-scaled.jpg","width":2560,"height":1707},{"@type":"BreadcrumbList","@id":"https:\/\/www.csiliz.sk\/?p=772#breadcrumb","itemListElement":[{"@type":"ListItem","position":1,"name":"Home","item":"https:\/\/www.csiliz.sk\/"},{"@type":"ListItem","position":2,"name":"J\u00f6n a III. Csiliz Menti L\u00e1ngfut\u00e1s &#8211; fontos inform\u00e1ci\u00f3k"}]},{"@type":"WebSite","@id":"https:\/\/www.csiliz.sk\/#website","url":"https:\/\/www.csiliz.sk\/","name":"Csiliz Menti N\u00e9pf\u0151iskola","description":"","publisher":{"@id":"https:\/\/www.csiliz.sk\/#organization"},"potentialAction":[{"@type":"SearchAction","target":{"@type":"EntryPoint","urlTemplate":"https:\/\/www.csiliz.sk\/?s={search_term_string}"},"query-input":"required name=search_term_string"}],"inLanguage":"hu"},{"@type":"Organization","@id":"https:\/\/www.csiliz.sk\/#organization","name":"Csiliz Menti N\u00e9pf\u0151iskola","url":"https:\/\/www.csiliz.sk\/","logo":{"@type":"ImageObject","inLanguage":"hu","@id":"https:\/\/www.csiliz.sk\/#\/schema\/logo\/image\/","url":"https:\/\/www.csiliz.sk\/wp-content\/uploads\/2023\/05\/cropped-logo_szines.png","contentUrl":"https:\/\/www.csiliz.sk\/wp-content\/uploads\/2023\/05\/cropped-logo_szines.png","width":719,"height":539,"caption":"Csiliz Menti N\u00e9pf\u0151iskola"},"image":{"@id":"https:\/\/www.csiliz.sk\/#\/schema\/logo\/image\/"}},{"@type":"Person","@id":"https:\/\/www.csiliz.sk\/#\/schema\/person\/7f4cb343ebe3c0693046613acbbd9fab","name":"media@csiliz.sk","image":{"@type":"ImageObject","inLanguage":"hu","@id":"https:\/\/www.csiliz.sk\/#\/schema\/person\/image\/","url":"https:\/\/secure.gravatar.com\/avatar\/26459f18a66dc06977cf6491bfac041898567f0deb3c3f3d8de668ec20541ca7?s=96&d=mm&r=g","contentUrl":"https:\/\/secure.gravatar.com\/avatar\/26459f18a66dc06977cf6491bfac041898567f0deb3c3f3d8de668ec20541ca7?s=96&d=mm&r=g","caption":"media@csiliz.sk"},"url":"https:\/\/www.csiliz.sk\/?author=3"}]}},"_links":{"self":[{"href":"https:\/\/www.csiliz.sk\/index.php?rest_route=\/wp\/v2\/posts\/772","targetHints":{"allow":["GET"]}}],"collection":[{"href":"https:\/\/www.csiliz.sk\/index.php?rest_route=\/wp\/v2\/posts"}],"about":[{"href":"https:\/\/www.csiliz.sk\/index.php?rest_route=\/wp\/v2\/types\/post"}],"author":[{"embeddable":true,"href":"https:\/\/www.csiliz.sk\/index.php?rest_route=\/wp\/v2\/users\/3"}],"replies":[{"embeddable":true,"href":"https:\/\/www.csiliz.sk\/index.php?rest_route=%2Fwp%2Fv2%2Fcomments&post=772"}],"version-history":[{"count":4,"href":"https:\/\/www.csiliz.sk\/index.php?rest_route=\/wp\/v2\/posts\/772\/revisions"}],"predecessor-version":[{"id":778,"href":"https:\/\/www.csiliz.sk\/index.php?rest_route=\/wp\/v2\/posts\/772\/revisions\/778"}],"wp:featuredmedia":[{"embeddable":true,"href":"https:\/\/www.csiliz.sk\/index.php?rest_route=\/wp\/v2\/media\/560"}],"wp:attachment":[{"href":"https:\/\/www.csiliz.sk\/index.php?rest_route=%2Fwp%2Fv2%2Fmedia&parent=772"}],"wp:term":[{"taxonomy":"category","embeddable":true,"href":"https:\/\/www.csiliz.sk\/index.php?rest_route=%2Fwp%2Fv2%2Fcategories&post=772"},{"taxonomy":"post_tag","embeddable":true,"href":"https:\/\/www.csiliz.sk\/index.php?rest_route=%2Fwp%2Fv2%2Ftags&post=772"}],"curies":[{"name":"wp","href":"https:\/\/api.w.org\/{rel}","templated":true}]}}