{"id":766,"date":"2024-08-23T21:46:00","date_gmt":"2024-08-23T21:46:00","guid":{"rendered":"https:\/\/www.csiliz.sk\/?p=766"},"modified":"2026-04-20T09:53:49","modified_gmt":"2026-04-20T09:53:49","slug":"szini-sebo-alajos-lovastura-a-csiliz-menten","status":"publish","type":"post","link":"https:\/\/www.csiliz.sk\/?p=766","title":{"rendered":"Sz\u00edni Seb\u0151 Alajos Lovast\u00fara a Csiliz ment\u00e9n"},"content":{"rendered":"\t\t<div data-elementor-type=\"wp-post\" data-elementor-id=\"766\" class=\"elementor elementor-766\" data-elementor-post-type=\"post\">\n\t\t\t\t<div class=\"elementor-element elementor-element-a95a5da e-flex e-con-boxed e-con e-parent\" data-id=\"a95a5da\" data-element_type=\"container\" data-core-v316-plus=\"true\">\n\t\t\t\t\t<div class=\"e-con-inner\">\n\t\t\t\t<div class=\"elementor-element elementor-element-54e0dcb elementor-widget elementor-widget-text-editor\" data-id=\"54e0dcb\" data-element_type=\"widget\" data-widget_type=\"text-editor.default\">\n\t\t\t\t<div class=\"elementor-widget-container\">\n\t\t\t<style>\/*! elementor - v3.20.0 - 26-03-2024 *\/\n.elementor-widget-text-editor.elementor-drop-cap-view-stacked .elementor-drop-cap{background-color:#69727d;color:#fff}.elementor-widget-text-editor.elementor-drop-cap-view-framed .elementor-drop-cap{color:#69727d;border:3px solid;background-color:transparent}.elementor-widget-text-editor:not(.elementor-drop-cap-view-default) .elementor-drop-cap{margin-top:8px}.elementor-widget-text-editor:not(.elementor-drop-cap-view-default) .elementor-drop-cap-letter{width:1em;height:1em}.elementor-widget-text-editor .elementor-drop-cap{float:left;text-align:center;line-height:1;font-size:50px}.elementor-widget-text-editor .elementor-drop-cap-letter{display:inline-block}<\/style>\t\t\t\t<h5>Augusztus 24-\u00e9n a Csiliz mente nyolc faluja ad otthont a Sz\u00edni Seb\u0151 Alajos Lovast\u00far\u00e1nak. Az egynapos rendezv\u00e9nysorozat a Felvid\u00e9ki Husz\u00e1r \u00e9s Hagyom\u00e1ny\u0151rz\u0151 Egyes\u00fclet, a Csiliz Menti N\u00e9pf\u0151iskola, a Csiliz menti telep\u00fcl\u00e9sek \u00f6nkorm\u00e1nyzatai \u00e9s kultur\u00e1lis szervezetei k\u00f6z\u00f6s munk\u00e1j\u00e1nak k\u00f6sz\u00f6nhet\u0151en val\u00f3sul meg. A Lovast\u00fara egyes meg\u00e1ll\u00f3inak helysz\u00ednei \u00e9s id\u0151pontjai az al\u00e1bbi linken tekinthet\u0151k meg: <\/h5>\t\t\t\t\t\t<\/div>\n\t\t\t\t<\/div>\n\t\t\t\t\t<\/div>\n\t\t\t\t<\/div>\n\t\t<div class=\"elementor-element elementor-element-e8117ff e-flex e-con-boxed e-con e-parent\" data-id=\"e8117ff\" data-element_type=\"container\" data-core-v316-plus=\"true\">\n\t\t\t\t\t<div class=\"e-con-inner\">\n\t\t\t\t<div class=\"elementor-element elementor-element-5e4855a elementor-widget__width-initial elementor-widget elementor-widget-html\" data-id=\"5e4855a\" data-element_type=\"widget\" data-widget_type=\"html.default\">\n\t\t\t\t<div class=\"elementor-widget-container\">\n\t\t\t<iframe src=\"https:\/\/www.facebook.com\/plugins\/post.php?href=https%3A%2F%2Fwww.facebook.com%2Fpermalink.php%3Fstory_fbid%3Dpfbid021Pk3aUUCDoeUMW8rEfq5btMjLsS95bhVcLNGaC42bJeg9Yh5gDXpdocbZx8BZwnKl%26id%3D61550853190793&show_text=true&width=500\" width=\"500\" height=\"582\" style=\"border:none;overflow:hidden\" scrolling=\"no\" frameborder=\"0\" allowfullscreen=\"true\" allow=\"autoplay; clipboard-write; encrypted-media; picture-in-picture; web-share\"><\/iframe>\r\n\t\t<\/div>\n\t\t\t\t<\/div>\n\t\t\t\t\t<\/div>\n\t\t\t\t<\/div>\n\t\t<div class=\"elementor-element elementor-element-28440ff e-flex e-con-boxed e-con e-parent\" data-id=\"28440ff\" data-element_type=\"container\" data-core-v316-plus=\"true\">\n\t\t\t\t\t<div class=\"e-con-inner\">\n\t\t\t\t<div class=\"elementor-element elementor-element-aee0aa4 elementor-widget elementor-widget-text-editor\" data-id=\"aee0aa4\" data-element_type=\"widget\" data-widget_type=\"text-editor.default\">\n\t\t\t\t<div class=\"elementor-widget-container\">\n\t\t\t\t\t\t\t<p>\/csmn\/<\/p>\t\t\t\t\t\t<\/div>\n\t\t\t\t<\/div>\n\t\t\t\t\t<\/div>\n\t\t\t\t<\/div>\n\t\t\t\t<\/div>\n\t\t","protected":false},"excerpt":{"rendered":"<p>Augusztus 24-\u00e9n a Csiliz mente nyolc faluja ad otthont a Sz\u00edni Seb\u0151 Alajos Lovast\u00far\u00e1nak. Az egynapos rendezv\u00e9nysorozat a Felvid\u00e9ki Husz\u00e1r \u00e9s Hagyom\u00e1ny\u0151rz\u0151 Egyes\u00fclet, a Csiliz Menti N\u00e9pf\u0151iskola, a Csiliz menti telep\u00fcl\u00e9sek \u00f6nkorm\u00e1nyzatai \u00e9s kultur\u00e1lis szervezetei k\u00f6z\u00f6s munk\u00e1j\u00e1nak k\u00f6sz\u00f6nhet\u0151en val\u00f3sul meg. A Lovast\u00fara egyes meg\u00e1ll\u00f3inak helysz\u00ednei \u00e9s id\u0151pontjai az al\u00e1bbi linken tekinthet\u0151k meg: \/csmn\/<\/p>\n","protected":false},"author":3,"featured_media":767,"comment_status":"open","ping_status":"open","sticky":false,"template":"","format":"standard","meta":{"_monsterinsights_skip_tracking":false,"_monsterinsights_sitenote_active":false,"_monsterinsights_sitenote_note":"","_monsterinsights_sitenote_category":0,"footnotes":""},"categories":[60,5],"tags":[22,52,53],"class_list":["post-766","post","type-post","status-publish","format-standard","has-post-thumbnail","hentry","category-csiliz-menti-akademia","category-hirek","tag-csiliz-menti-nepfoiskola","tag-lovastura","tag-szini-sebo-alajos-lovastura"],"yoast_head":"<!-- This site is optimized with the Yoast SEO plugin v22.3 - https:\/\/yoast.com\/wordpress\/plugins\/seo\/ -->\n<title>Sz\u00edni Seb\u0151 Alajos Lovast\u00fara a Csiliz ment\u00e9n - Csiliz Menti N\u00e9pf\u0151iskola<\/title>\n<meta name=\"robots\" content=\"index, follow, max-snippet:-1, max-image-preview:large, max-video-preview:-1\" \/>\n<link rel=\"canonical\" href=\"https:\/\/www.csiliz.sk\/?p=766\" \/>\n<meta property=\"og:locale\" content=\"hu_HU\" \/>\n<meta property=\"og:type\" content=\"article\" \/>\n<meta property=\"og:title\" content=\"Sz\u00edni Seb\u0151 Alajos Lovast\u00fara a Csiliz ment\u00e9n - Csiliz Menti N\u00e9pf\u0151iskola\" \/>\n<meta property=\"og:description\" content=\"Augusztus 24-\u00e9n a Csiliz mente nyolc faluja ad otthont a Sz\u00edni Seb\u0151 Alajos Lovast\u00far\u00e1nak. Az egynapos rendezv\u00e9nysorozat a Felvid\u00e9ki Husz\u00e1r \u00e9s Hagyom\u00e1ny\u0151rz\u0151 Egyes\u00fclet, a Csiliz Menti N\u00e9pf\u0151iskola, a Csiliz menti telep\u00fcl\u00e9sek \u00f6nkorm\u00e1nyzatai \u00e9s kultur\u00e1lis szervezetei k\u00f6z\u00f6s munk\u00e1j\u00e1nak k\u00f6sz\u00f6nhet\u0151en val\u00f3sul meg. A Lovast\u00fara egyes meg\u00e1ll\u00f3inak helysz\u00ednei \u00e9s id\u0151pontjai az al\u00e1bbi linken tekinthet\u0151k meg: \/csmn\/\" \/>\n<meta property=\"og:url\" content=\"https:\/\/www.csiliz.sk\/?p=766\" \/>\n<meta property=\"og:site_name\" content=\"Csiliz Menti N\u00e9pf\u0151iskola\" \/>\n<meta property=\"article:published_time\" content=\"2024-08-23T21:46:00+00:00\" \/>\n<meta property=\"article:modified_time\" content=\"2026-04-20T09:53:49+00:00\" \/>\n<meta property=\"og:image\" content=\"https:\/\/www.csiliz.sk\/wp-content\/uploads\/2024\/11\/felvideki_tavaszi_emlekhadjarat.jpg\" \/>\n\t<meta property=\"og:image:width\" content=\"774\" \/>\n\t<meta property=\"og:image:height\" content=\"516\" \/>\n\t<meta property=\"og:image:type\" content=\"image\/jpeg\" \/>\n<meta name=\"author\" content=\"media@csiliz.sk\" \/>\n<meta name=\"twitter:card\" content=\"summary_large_image\" \/>\n<meta name=\"twitter:label1\" content=\"Szerz\u0151:\" \/>\n\t<meta name=\"twitter:data1\" content=\"media@csiliz.sk\" \/>\n\t<meta name=\"twitter:label2\" content=\"Becs\u00fclt olvas\u00e1si id\u0151\" \/>\n\t<meta name=\"twitter:data2\" content=\"1 perc\" \/>\n<script type=\"application\/ld+json\" class=\"yoast-schema-graph\">{\"@context\":\"https:\/\/schema.org\",\"@graph\":[{\"@type\":\"Article\",\"@id\":\"https:\/\/www.csiliz.sk\/?p=766#article\",\"isPartOf\":{\"@id\":\"https:\/\/www.csiliz.sk\/?p=766\"},\"author\":{\"name\":\"media@csiliz.sk\",\"@id\":\"https:\/\/www.csiliz.sk\/#\/schema\/person\/7f4cb343ebe3c0693046613acbbd9fab\"},\"headline\":\"Sz\u00edni Seb\u0151 Alajos Lovast\u00fara a Csiliz ment\u00e9n\",\"datePublished\":\"2024-08-23T21:46:00+00:00\",\"dateModified\":\"2026-04-20T09:53:49+00:00\",\"mainEntityOfPage\":{\"@id\":\"https:\/\/www.csiliz.sk\/?p=766\"},\"wordCount\":94,\"commentCount\":0,\"publisher\":{\"@id\":\"https:\/\/www.csiliz.sk\/#organization\"},\"image\":{\"@id\":\"https:\/\/www.csiliz.sk\/?p=766#primaryimage\"},\"thumbnailUrl\":\"https:\/\/www.csiliz.sk\/wp-content\/uploads\/2024\/11\/felvideki_tavaszi_emlekhadjarat.jpg\",\"keywords\":[\"Csiliz Menti N\u00e9pf\u0151iskola\",\"Lovast\u00fara\",\"Sz\u00edni Seb\u0151 Alajos Lovast\u00fara\"],\"articleSection\":[\"Csiliz Menti Akademia\",\"H\u00edrek\"],\"inLanguage\":\"hu\",\"potentialAction\":[{\"@type\":\"CommentAction\",\"name\":\"Comment\",\"target\":[\"https:\/\/www.csiliz.sk\/?p=766#respond\"]}]},{\"@type\":\"WebPage\",\"@id\":\"https:\/\/www.csiliz.sk\/?p=766\",\"url\":\"https:\/\/www.csiliz.sk\/?p=766\",\"name\":\"Sz\u00edni Seb\u0151 Alajos Lovast\u00fara a Csiliz ment\u00e9n - Csiliz Menti N\u00e9pf\u0151iskola\",\"isPartOf\":{\"@id\":\"https:\/\/www.csiliz.sk\/#website\"},\"primaryImageOfPage\":{\"@id\":\"https:\/\/www.csiliz.sk\/?p=766#primaryimage\"},\"image\":{\"@id\":\"https:\/\/www.csiliz.sk\/?p=766#primaryimage\"},\"thumbnailUrl\":\"https:\/\/www.csiliz.sk\/wp-content\/uploads\/2024\/11\/felvideki_tavaszi_emlekhadjarat.jpg\",\"datePublished\":\"2024-08-23T21:46:00+00:00\",\"dateModified\":\"2026-04-20T09:53:49+00:00\",\"breadcrumb\":{\"@id\":\"https:\/\/www.csiliz.sk\/?p=766#breadcrumb\"},\"inLanguage\":\"hu\",\"potentialAction\":[{\"@type\":\"ReadAction\",\"target\":[\"https:\/\/www.csiliz.sk\/?p=766\"]}]},{\"@type\":\"ImageObject\",\"inLanguage\":\"hu\",\"@id\":\"https:\/\/www.csiliz.sk\/?p=766#primaryimage\",\"url\":\"https:\/\/www.csiliz.sk\/wp-content\/uploads\/2024\/11\/felvideki_tavaszi_emlekhadjarat.jpg\",\"contentUrl\":\"https:\/\/www.csiliz.sk\/wp-content\/uploads\/2024\/11\/felvideki_tavaszi_emlekhadjarat.jpg\",\"width\":774,\"height\":516},{\"@type\":\"BreadcrumbList\",\"@id\":\"https:\/\/www.csiliz.sk\/?p=766#breadcrumb\",\"itemListElement\":[{\"@type\":\"ListItem\",\"position\":1,\"name\":\"Home\",\"item\":\"https:\/\/www.csiliz.sk\/\"},{\"@type\":\"ListItem\",\"position\":2,\"name\":\"Sz\u00edni Seb\u0151 Alajos Lovast\u00fara a Csiliz ment\u00e9n\"}]},{\"@type\":\"WebSite\",\"@id\":\"https:\/\/www.csiliz.sk\/#website\",\"url\":\"https:\/\/www.csiliz.sk\/\",\"name\":\"Csiliz Menti N\u00e9pf\u0151iskola\",\"description\":\"\",\"publisher\":{\"@id\":\"https:\/\/www.csiliz.sk\/#organization\"},\"potentialAction\":[{\"@type\":\"SearchAction\",\"target\":{\"@type\":\"EntryPoint\",\"urlTemplate\":\"https:\/\/www.csiliz.sk\/?s={search_term_string}\"},\"query-input\":\"required name=search_term_string\"}],\"inLanguage\":\"hu\"},{\"@type\":\"Organization\",\"@id\":\"https:\/\/www.csiliz.sk\/#organization\",\"name\":\"Csiliz Menti N\u00e9pf\u0151iskola\",\"url\":\"https:\/\/www.csiliz.sk\/\",\"logo\":{\"@type\":\"ImageObject\",\"inLanguage\":\"hu\",\"@id\":\"https:\/\/www.csiliz.sk\/#\/schema\/logo\/image\/\",\"url\":\"https:\/\/www.csiliz.sk\/wp-content\/uploads\/2023\/05\/cropped-logo_szines.png\",\"contentUrl\":\"https:\/\/www.csiliz.sk\/wp-content\/uploads\/2023\/05\/cropped-logo_szines.png\",\"width\":719,\"height\":539,\"caption\":\"Csiliz Menti N\u00e9pf\u0151iskola\"},\"image\":{\"@id\":\"https:\/\/www.csiliz.sk\/#\/schema\/logo\/image\/\"}},{\"@type\":\"Person\",\"@id\":\"https:\/\/www.csiliz.sk\/#\/schema\/person\/7f4cb343ebe3c0693046613acbbd9fab\",\"name\":\"media@csiliz.sk\",\"image\":{\"@type\":\"ImageObject\",\"inLanguage\":\"hu\",\"@id\":\"https:\/\/www.csiliz.sk\/#\/schema\/person\/image\/\",\"url\":\"https:\/\/secure.gravatar.com\/avatar\/26459f18a66dc06977cf6491bfac041898567f0deb3c3f3d8de668ec20541ca7?s=96&d=mm&r=g\",\"contentUrl\":\"https:\/\/secure.gravatar.com\/avatar\/26459f18a66dc06977cf6491bfac041898567f0deb3c3f3d8de668ec20541ca7?s=96&d=mm&r=g\",\"caption\":\"media@csiliz.sk\"},\"url\":\"https:\/\/www.csiliz.sk\/?author=3\"}]}<\/script>\n<!-- \/ Yoast SEO plugin. -->","yoast_head_json":{"title":"Sz\u00edni Seb\u0151 Alajos Lovast\u00fara a Csiliz ment\u00e9n - Csiliz Menti N\u00e9pf\u0151iskola","robots":{"index":"index","follow":"follow","max-snippet":"max-snippet:-1","max-image-preview":"max-image-preview:large","max-video-preview":"max-video-preview:-1"},"canonical":"https:\/\/www.csiliz.sk\/?p=766","og_locale":"hu_HU","og_type":"article","og_title":"Sz\u00edni Seb\u0151 Alajos Lovast\u00fara a Csiliz ment\u00e9n - Csiliz Menti N\u00e9pf\u0151iskola","og_description":"Augusztus 24-\u00e9n a Csiliz mente nyolc faluja ad otthont a Sz\u00edni Seb\u0151 Alajos Lovast\u00far\u00e1nak. Az egynapos rendezv\u00e9nysorozat a Felvid\u00e9ki Husz\u00e1r \u00e9s Hagyom\u00e1ny\u0151rz\u0151 Egyes\u00fclet, a Csiliz Menti N\u00e9pf\u0151iskola, a Csiliz menti telep\u00fcl\u00e9sek \u00f6nkorm\u00e1nyzatai \u00e9s kultur\u00e1lis szervezetei k\u00f6z\u00f6s munk\u00e1j\u00e1nak k\u00f6sz\u00f6nhet\u0151en val\u00f3sul meg. A Lovast\u00fara egyes meg\u00e1ll\u00f3inak helysz\u00ednei \u00e9s id\u0151pontjai az al\u00e1bbi linken tekinthet\u0151k meg: \/csmn\/","og_url":"https:\/\/www.csiliz.sk\/?p=766","og_site_name":"Csiliz Menti N\u00e9pf\u0151iskola","article_published_time":"2024-08-23T21:46:00+00:00","article_modified_time":"2026-04-20T09:53:49+00:00","og_image":[{"width":774,"height":516,"url":"https:\/\/www.csiliz.sk\/wp-content\/uploads\/2024\/11\/felvideki_tavaszi_emlekhadjarat.jpg","type":"image\/jpeg"}],"author":"media@csiliz.sk","twitter_card":"summary_large_image","twitter_misc":{"Szerz\u0151:":"media@csiliz.sk","Becs\u00fclt olvas\u00e1si id\u0151":"1 perc"},"schema":{"@context":"https:\/\/schema.org","@graph":[{"@type":"Article","@id":"https:\/\/www.csiliz.sk\/?p=766#article","isPartOf":{"@id":"https:\/\/www.csiliz.sk\/?p=766"},"author":{"name":"media@csiliz.sk","@id":"https:\/\/www.csiliz.sk\/#\/schema\/person\/7f4cb343ebe3c0693046613acbbd9fab"},"headline":"Sz\u00edni Seb\u0151 Alajos Lovast\u00fara a Csiliz ment\u00e9n","datePublished":"2024-08-23T21:46:00+00:00","dateModified":"2026-04-20T09:53:49+00:00","mainEntityOfPage":{"@id":"https:\/\/www.csiliz.sk\/?p=766"},"wordCount":94,"commentCount":0,"publisher":{"@id":"https:\/\/www.csiliz.sk\/#organization"},"image":{"@id":"https:\/\/www.csiliz.sk\/?p=766#primaryimage"},"thumbnailUrl":"https:\/\/www.csiliz.sk\/wp-content\/uploads\/2024\/11\/felvideki_tavaszi_emlekhadjarat.jpg","keywords":["Csiliz Menti N\u00e9pf\u0151iskola","Lovast\u00fara","Sz\u00edni Seb\u0151 Alajos Lovast\u00fara"],"articleSection":["Csiliz Menti Akademia","H\u00edrek"],"inLanguage":"hu","potentialAction":[{"@type":"CommentAction","name":"Comment","target":["https:\/\/www.csiliz.sk\/?p=766#respond"]}]},{"@type":"WebPage","@id":"https:\/\/www.csiliz.sk\/?p=766","url":"https:\/\/www.csiliz.sk\/?p=766","name":"Sz\u00edni Seb\u0151 Alajos Lovast\u00fara a Csiliz ment\u00e9n - Csiliz Menti N\u00e9pf\u0151iskola","isPartOf":{"@id":"https:\/\/www.csiliz.sk\/#website"},"primaryImageOfPage":{"@id":"https:\/\/www.csiliz.sk\/?p=766#primaryimage"},"image":{"@id":"https:\/\/www.csiliz.sk\/?p=766#primaryimage"},"thumbnailUrl":"https:\/\/www.csiliz.sk\/wp-content\/uploads\/2024\/11\/felvideki_tavaszi_emlekhadjarat.jpg","datePublished":"2024-08-23T21:46:00+00:00","dateModified":"2026-04-20T09:53:49+00:00","breadcrumb":{"@id":"https:\/\/www.csiliz.sk\/?p=766#breadcrumb"},"inLanguage":"hu","potentialAction":[{"@type":"ReadAction","target":["https:\/\/www.csiliz.sk\/?p=766"]}]},{"@type":"ImageObject","inLanguage":"hu","@id":"https:\/\/www.csiliz.sk\/?p=766#primaryimage","url":"https:\/\/www.csiliz.sk\/wp-content\/uploads\/2024\/11\/felvideki_tavaszi_emlekhadjarat.jpg","contentUrl":"https:\/\/www.csiliz.sk\/wp-content\/uploads\/2024\/11\/felvideki_tavaszi_emlekhadjarat.jpg","width":774,"height":516},{"@type":"BreadcrumbList","@id":"https:\/\/www.csiliz.sk\/?p=766#breadcrumb","itemListElement":[{"@type":"ListItem","position":1,"name":"Home","item":"https:\/\/www.csiliz.sk\/"},{"@type":"ListItem","position":2,"name":"Sz\u00edni Seb\u0151 Alajos Lovast\u00fara a Csiliz ment\u00e9n"}]},{"@type":"WebSite","@id":"https:\/\/www.csiliz.sk\/#website","url":"https:\/\/www.csiliz.sk\/","name":"Csiliz Menti N\u00e9pf\u0151iskola","description":"","publisher":{"@id":"https:\/\/www.csiliz.sk\/#organization"},"potentialAction":[{"@type":"SearchAction","target":{"@type":"EntryPoint","urlTemplate":"https:\/\/www.csiliz.sk\/?s={search_term_string}"},"query-input":"required name=search_term_string"}],"inLanguage":"hu"},{"@type":"Organization","@id":"https:\/\/www.csiliz.sk\/#organization","name":"Csiliz Menti N\u00e9pf\u0151iskola","url":"https:\/\/www.csiliz.sk\/","logo":{"@type":"ImageObject","inLanguage":"hu","@id":"https:\/\/www.csiliz.sk\/#\/schema\/logo\/image\/","url":"https:\/\/www.csiliz.sk\/wp-content\/uploads\/2023\/05\/cropped-logo_szines.png","contentUrl":"https:\/\/www.csiliz.sk\/wp-content\/uploads\/2023\/05\/cropped-logo_szines.png","width":719,"height":539,"caption":"Csiliz Menti N\u00e9pf\u0151iskola"},"image":{"@id":"https:\/\/www.csiliz.sk\/#\/schema\/logo\/image\/"}},{"@type":"Person","@id":"https:\/\/www.csiliz.sk\/#\/schema\/person\/7f4cb343ebe3c0693046613acbbd9fab","name":"media@csiliz.sk","image":{"@type":"ImageObject","inLanguage":"hu","@id":"https:\/\/www.csiliz.sk\/#\/schema\/person\/image\/","url":"https:\/\/secure.gravatar.com\/avatar\/26459f18a66dc06977cf6491bfac041898567f0deb3c3f3d8de668ec20541ca7?s=96&d=mm&r=g","contentUrl":"https:\/\/secure.gravatar.com\/avatar\/26459f18a66dc06977cf6491bfac041898567f0deb3c3f3d8de668ec20541ca7?s=96&d=mm&r=g","caption":"media@csiliz.sk"},"url":"https:\/\/www.csiliz.sk\/?author=3"}]}},"_links":{"self":[{"href":"https:\/\/www.csiliz.sk\/index.php?rest_route=\/wp\/v2\/posts\/766","targetHints":{"allow":["GET"]}}],"collection":[{"href":"https:\/\/www.csiliz.sk\/index.php?rest_route=\/wp\/v2\/posts"}],"about":[{"href":"https:\/\/www.csiliz.sk\/index.php?rest_route=\/wp\/v2\/types\/post"}],"author":[{"embeddable":true,"href":"https:\/\/www.csiliz.sk\/index.php?rest_route=\/wp\/v2\/users\/3"}],"replies":[{"embeddable":true,"href":"https:\/\/www.csiliz.sk\/index.php?rest_route=%2Fwp%2Fv2%2Fcomments&post=766"}],"version-history":[{"count":4,"href":"https:\/\/www.csiliz.sk\/index.php?rest_route=\/wp\/v2\/posts\/766\/revisions"}],"predecessor-version":[{"id":771,"href":"https:\/\/www.csiliz.sk\/index.php?rest_route=\/wp\/v2\/posts\/766\/revisions\/771"}],"wp:featuredmedia":[{"embeddable":true,"href":"https:\/\/www.csiliz.sk\/index.php?rest_route=\/wp\/v2\/media\/767"}],"wp:attachment":[{"href":"https:\/\/www.csiliz.sk\/index.php?rest_route=%2Fwp%2Fv2%2Fmedia&parent=766"}],"wp:term":[{"taxonomy":"category","embeddable":true,"href":"https:\/\/www.csiliz.sk\/index.php?rest_route=%2Fwp%2Fv2%2Fcategories&post=766"},{"taxonomy":"post_tag","embeddable":true,"href":"https:\/\/www.csiliz.sk\/index.php?rest_route=%2Fwp%2Fv2%2Ftags&post=766"}],"curies":[{"name":"wp","href":"https:\/\/api.w.org\/{rel}","templated":true}]}}