{"id":715,"date":"2024-04-24T22:14:00","date_gmt":"2024-04-24T22:14:00","guid":{"rendered":"https:\/\/www.csiliz.sk\/?p=715"},"modified":"2026-04-20T09:55:02","modified_gmt":"2026-04-20T09:55:02","slug":"ujra-talalkoztak-a-csiliz-menti-enekkarok-ezuttal-csicson","status":"publish","type":"post","link":"https:\/\/www.csiliz.sk\/?p=715","title":{"rendered":"\u00dajra tal\u00e1lkoztak a Csiliz menti \u00e9nekkarok &#8211; ez\u00fattal Csics\u00f3n"},"content":{"rendered":"\t\t<div data-elementor-type=\"wp-post\" data-elementor-id=\"715\" class=\"elementor elementor-715\" data-elementor-post-type=\"post\">\n\t\t\t\t<div class=\"elementor-element elementor-element-3ee4b91 e-flex e-con-boxed e-con e-parent\" data-id=\"3ee4b91\" data-element_type=\"container\" data-core-v316-plus=\"true\">\n\t\t\t\t\t<div class=\"e-con-inner\">\n\t\t\t\t<div class=\"elementor-element elementor-element-da23628 elementor-widget elementor-widget-text-editor\" data-id=\"da23628\" data-element_type=\"widget\" data-widget_type=\"text-editor.default\">\n\t\t\t\t<div class=\"elementor-widget-container\">\n\t\t\t<style>\/*! elementor - v3.20.0 - 26-03-2024 *\/\n.elementor-widget-text-editor.elementor-drop-cap-view-stacked .elementor-drop-cap{background-color:#69727d;color:#fff}.elementor-widget-text-editor.elementor-drop-cap-view-framed .elementor-drop-cap{color:#69727d;border:3px solid;background-color:transparent}.elementor-widget-text-editor:not(.elementor-drop-cap-view-default) .elementor-drop-cap{margin-top:8px}.elementor-widget-text-editor:not(.elementor-drop-cap-view-default) .elementor-drop-cap-letter{width:1em;height:1em}.elementor-widget-text-editor .elementor-drop-cap{float:left;text-align:center;line-height:1;font-size:50px}.elementor-widget-text-editor .elementor-drop-cap-letter{display:inline-block}<\/style>\t\t\t\t<h5>2024. \u00e1prilis 23-\u00e1n a csics\u00f3i kult\u00farh\u00e1zban ker\u00fclt sor a Csiliz menti \u00e9nekkarok 2. tal\u00e1lkoz\u00f3j\u00e1ra A Csiliz menti falvak \u00e9nekkarainak rendszeres tal\u00e1lkoz\u00f3j\u00e1t a Csiliz Menti N\u00e9pf\u0151iskola kezdem\u00e9nyezte. A vend\u00e9gl\u00e1t\u00f3 szerep\u00e9t ez\u00fattal a csics\u00f3i Caritas \u00e9nekkar t\u00f6lt\u00f6tte be B\u00f6d\u0151k Nagy Judit vezet\u00e9s\u00e9vel. Az \u00e9nekkar minden tagja bekapcsol\u00f3dott a szervez\u00e9sbe, ki pog\u00e1cs\u00e1t, ki s\u00fctem\u00e9nyt s\u00fct\u00f6tt, de volt, aki a sz\u00edver\u0151s\u00edt\u0151r\u0151l gondoskodott. A k\u00f6zs\u00e9g is hozz\u00e1j\u00e1rult a rendezv\u00e9ny megval\u00f3s\u00edt\u00e1s\u00e1hoz friss\u00edt\u0151k \u00e9s szendvicsek t\u00e1lal\u00e1s\u00e1val, valamint a helysz\u00edn biztos\u00edt\u00e1s\u00e1val. A vend\u00e9geket N\u00e9meth Andrea Csics\u00f3 polg\u00e1rmestere szem\u00e9lyesen k\u00f6sz\u00f6nt\u00f6tte.<\/h5><p>A vend\u00e9gl\u00e1t\u00f3 csics\u00f3iakon k\u00edv\u00fcl a csilizradv\u00e1nyi K\u00e9k Iring\u00f3 \u00e9nekkar \u00e9s a Csilizny\u00e1radi Dal\u00e1rda vett r\u00e9szt a tal\u00e1lkoz\u00f3n.<\/p><p>A r\u00e9sztvev\u0151ket B\u00f6d\u0151k Nagy Judit \u00e9nekkarvezet\u0151 verssel \u00e9s k\u00f6sz\u00f6nt\u0151vel fogadta, majd Nagy Gy\u00f6ngyike szavalata k\u00f6vetkezett. Ezut\u00e1n Nagy Szer\u00e9nke sz\u00e1molt be a Caritas \u00e9nekkar tev\u00e9kenys\u00e9g\u00e9r\u0151l, a tavaly novemberi tal\u00e1lkoz\u00f3 \u00f3ta eltelt id\u0151szak munk\u00e1j\u00e1r\u00f3l.<\/p><p>Az \u00e9nekkarok k\u00f6z\u00f6sen \u00e9nekelt\u00e9k el az \u201eA csit\u00e1ri hegyek alatt\u201d \u00e9s a \u201eKom\u00e1romi kisle\u00e1ny\u201d c\u00edm\u0171 dalokat, majd a vend\u00e9g\u00e9nekkarok vezet\u0151i is besz\u00e1moltak az elm\u00falt id\u0151szak esem\u00e9nyeir\u0151l.<\/p><p>A tal\u00e1lkoz\u00f3n mind a h\u00e1rom \u00e9nekkar el\u0151adta az erre az alkalomra k\u00e9sz\u00edtett dalcsokr\u00e1t. K\u00e9t kiv\u00e1lasztott \u00e9neket k\u00f6z\u00f6sen is gyakoroltak a r\u00e9sztvev\u0151k \u2013 az egyik a Felvid\u00e9ki Himnusz volt.<\/p>\t\t\t\t\t\t<\/div>\n\t\t\t\t<\/div>\n\t\t\t\t\t<\/div>\n\t\t\t\t<\/div>\n\t\t<div class=\"elementor-element elementor-element-a7da7b1 e-flex e-con-boxed e-con e-parent\" data-id=\"a7da7b1\" data-element_type=\"container\" data-core-v316-plus=\"true\">\n\t\t\t\t\t<div class=\"e-con-inner\">\n\t\t\t\t<div class=\"elementor-element elementor-element-32abbac elementor-widget__width-initial elementor-widget elementor-widget-html\" data-id=\"32abbac\" data-element_type=\"widget\" data-widget_type=\"html.default\">\n\t\t\t\t<div class=\"elementor-widget-container\">\n\t\t\t<iframe src=\"https:\/\/www.facebook.com\/plugins\/post.php?href=https%3A%2F%2Fwww.facebook.com%2Fpermalink.php%3Fstory_fbid%3Dpfbid025dnwbrFKzgdxLxKSSA242AbKK4LCsMuG7nTi1BdD8JxyaNrvCV7JKcoqXqdyB8Jol%26id%3D61550853190793&show_text=true&width=500\" width=\"500\" height=\"761\" style=\"border:none;overflow:hidden\" scrolling=\"no\" frameborder=\"0\" allowfullscreen=\"true\" allow=\"autoplay; clipboard-write; encrypted-media; picture-in-picture; web-share\"><\/iframe>\r\n\t\t<\/div>\n\t\t\t\t<\/div>\n\t\t\t\t\t<\/div>\n\t\t\t\t<\/div>\n\t\t<div class=\"elementor-element elementor-element-8552806 e-flex e-con-boxed e-con e-parent\" data-id=\"8552806\" data-element_type=\"container\" data-core-v316-plus=\"true\">\n\t\t\t\t\t<div class=\"e-con-inner\">\n\t\t\t\t<div class=\"elementor-element elementor-element-1436a71 elementor-widget elementor-widget-text-editor\" data-id=\"1436a71\" data-element_type=\"widget\" data-widget_type=\"text-editor.default\">\n\t\t\t\t<div class=\"elementor-widget-container\">\n\t\t\t\t\t\t\t<p>\/csmn\/<\/p>\t\t\t\t\t\t<\/div>\n\t\t\t\t<\/div>\n\t\t\t\t\t<\/div>\n\t\t\t\t<\/div>\n\t\t\t\t<\/div>\n\t\t","protected":false},"excerpt":{"rendered":"<p>2024. \u00e1prilis 23-\u00e1n a csics\u00f3i kult\u00farh\u00e1zban ker\u00fclt sor a Csiliz menti \u00e9nekkarok 2. tal\u00e1lkoz\u00f3j\u00e1ra A Csiliz menti falvak \u00e9nekkarainak rendszeres tal\u00e1lkoz\u00f3j\u00e1t a Csiliz Menti N\u00e9pf\u0151iskola kezdem\u00e9nyezte. A vend\u00e9gl\u00e1t\u00f3 szerep\u00e9t ez\u00fattal a csics\u00f3i Caritas \u00e9nekkar t\u00f6lt\u00f6tte be B\u00f6d\u0151k Nagy Judit vezet\u00e9s\u00e9vel. Az \u00e9nekkar minden tagja bekapcsol\u00f3dott a szervez\u00e9sbe, ki pog\u00e1cs\u00e1t, ki s\u00fctem\u00e9nyt s\u00fct\u00f6tt, de volt, aki [&hellip;]<\/p>\n","protected":false},"author":3,"featured_media":716,"comment_status":"open","ping_status":"open","sticky":false,"template":"","format":"standard","meta":{"_monsterinsights_skip_tracking":false,"_monsterinsights_sitenote_active":false,"_monsterinsights_sitenote_note":"","_monsterinsights_sitenote_category":0,"footnotes":""},"categories":[61,5],"tags":[17,22,46,45,44],"class_list":["post-715","post","type-post","status-publish","format-standard","has-post-thumbnail","hentry","category-csiliz-menti-muhely","category-hirek","tag-csicso","tag-csiliz-menti-nepfoiskola","tag-dal","tag-enek","tag-enekkar"],"yoast_head":"<!-- This site is optimized with the Yoast SEO plugin v22.3 - https:\/\/yoast.com\/wordpress\/plugins\/seo\/ -->\n<title>\u00dajra tal\u00e1lkoztak a Csiliz menti \u00e9nekkarok - ez\u00fattal Csics\u00f3n - Csiliz Menti N\u00e9pf\u0151iskola<\/title>\n<meta name=\"robots\" content=\"index, follow, max-snippet:-1, max-image-preview:large, max-video-preview:-1\" \/>\n<link rel=\"canonical\" href=\"https:\/\/www.csiliz.sk\/?p=715\" \/>\n<meta property=\"og:locale\" content=\"hu_HU\" \/>\n<meta property=\"og:type\" content=\"article\" \/>\n<meta property=\"og:title\" content=\"\u00dajra tal\u00e1lkoztak a Csiliz menti \u00e9nekkarok - ez\u00fattal Csics\u00f3n - Csiliz Menti N\u00e9pf\u0151iskola\" \/>\n<meta property=\"og:description\" content=\"2024. \u00e1prilis 23-\u00e1n a csics\u00f3i kult\u00farh\u00e1zban ker\u00fclt sor a Csiliz menti \u00e9nekkarok 2. tal\u00e1lkoz\u00f3j\u00e1ra A Csiliz menti falvak \u00e9nekkarainak rendszeres tal\u00e1lkoz\u00f3j\u00e1t a Csiliz Menti N\u00e9pf\u0151iskola kezdem\u00e9nyezte. A vend\u00e9gl\u00e1t\u00f3 szerep\u00e9t ez\u00fattal a csics\u00f3i Caritas \u00e9nekkar t\u00f6lt\u00f6tte be B\u00f6d\u0151k Nagy Judit vezet\u00e9s\u00e9vel. Az \u00e9nekkar minden tagja bekapcsol\u00f3dott a szervez\u00e9sbe, ki pog\u00e1cs\u00e1t, ki s\u00fctem\u00e9nyt s\u00fct\u00f6tt, de volt, aki [&hellip;]\" \/>\n<meta property=\"og:url\" content=\"https:\/\/www.csiliz.sk\/?p=715\" \/>\n<meta property=\"og:site_name\" content=\"Csiliz Menti N\u00e9pf\u0151iskola\" \/>\n<meta property=\"article:published_time\" content=\"2024-04-24T22:14:00+00:00\" \/>\n<meta property=\"article:modified_time\" content=\"2026-04-20T09:55:02+00:00\" \/>\n<meta property=\"og:image\" content=\"https:\/\/www.csiliz.sk\/wp-content\/uploads\/2024\/11\/437134346_122175404270028439_1727822713714350690_n.jpg\" \/>\n\t<meta property=\"og:image:width\" content=\"2048\" \/>\n\t<meta property=\"og:image:height\" content=\"1365\" \/>\n\t<meta property=\"og:image:type\" content=\"image\/jpeg\" \/>\n<meta name=\"author\" content=\"media@csiliz.sk\" \/>\n<meta name=\"twitter:card\" content=\"summary_large_image\" \/>\n<meta name=\"twitter:label1\" content=\"Szerz\u0151:\" \/>\n\t<meta name=\"twitter:data1\" content=\"media@csiliz.sk\" \/>\n\t<meta name=\"twitter:label2\" content=\"Becs\u00fclt olvas\u00e1si id\u0151\" \/>\n\t<meta name=\"twitter:data2\" content=\"2 perc\" \/>\n<script type=\"application\/ld+json\" class=\"yoast-schema-graph\">{\"@context\":\"https:\/\/schema.org\",\"@graph\":[{\"@type\":\"Article\",\"@id\":\"https:\/\/www.csiliz.sk\/?p=715#article\",\"isPartOf\":{\"@id\":\"https:\/\/www.csiliz.sk\/?p=715\"},\"author\":{\"name\":\"media@csiliz.sk\",\"@id\":\"https:\/\/www.csiliz.sk\/#\/schema\/person\/7f4cb343ebe3c0693046613acbbd9fab\"},\"headline\":\"\u00dajra tal\u00e1lkoztak a Csiliz menti \u00e9nekkarok &#8211; ez\u00fattal Csics\u00f3n\",\"datePublished\":\"2024-04-24T22:14:00+00:00\",\"dateModified\":\"2026-04-20T09:55:02+00:00\",\"mainEntityOfPage\":{\"@id\":\"https:\/\/www.csiliz.sk\/?p=715\"},\"wordCount\":319,\"commentCount\":0,\"publisher\":{\"@id\":\"https:\/\/www.csiliz.sk\/#organization\"},\"image\":{\"@id\":\"https:\/\/www.csiliz.sk\/?p=715#primaryimage\"},\"thumbnailUrl\":\"https:\/\/www.csiliz.sk\/wp-content\/uploads\/2024\/11\/437134346_122175404270028439_1727822713714350690_n.jpg\",\"keywords\":[\"Csics\u00f3\",\"Csiliz Menti N\u00e9pf\u0151iskola\",\"dal\",\"\u00e9nek\",\"\u00e9nekkar\"],\"articleSection\":[\"Csiliz Menti M\u0171hely\",\"H\u00edrek\"],\"inLanguage\":\"hu\",\"potentialAction\":[{\"@type\":\"CommentAction\",\"name\":\"Comment\",\"target\":[\"https:\/\/www.csiliz.sk\/?p=715#respond\"]}]},{\"@type\":\"WebPage\",\"@id\":\"https:\/\/www.csiliz.sk\/?p=715\",\"url\":\"https:\/\/www.csiliz.sk\/?p=715\",\"name\":\"\u00dajra tal\u00e1lkoztak a Csiliz menti \u00e9nekkarok - ez\u00fattal Csics\u00f3n - Csiliz Menti N\u00e9pf\u0151iskola\",\"isPartOf\":{\"@id\":\"https:\/\/www.csiliz.sk\/#website\"},\"primaryImageOfPage\":{\"@id\":\"https:\/\/www.csiliz.sk\/?p=715#primaryimage\"},\"image\":{\"@id\":\"https:\/\/www.csiliz.sk\/?p=715#primaryimage\"},\"thumbnailUrl\":\"https:\/\/www.csiliz.sk\/wp-content\/uploads\/2024\/11\/437134346_122175404270028439_1727822713714350690_n.jpg\",\"datePublished\":\"2024-04-24T22:14:00+00:00\",\"dateModified\":\"2026-04-20T09:55:02+00:00\",\"breadcrumb\":{\"@id\":\"https:\/\/www.csiliz.sk\/?p=715#breadcrumb\"},\"inLanguage\":\"hu\",\"potentialAction\":[{\"@type\":\"ReadAction\",\"target\":[\"https:\/\/www.csiliz.sk\/?p=715\"]}]},{\"@type\":\"ImageObject\",\"inLanguage\":\"hu\",\"@id\":\"https:\/\/www.csiliz.sk\/?p=715#primaryimage\",\"url\":\"https:\/\/www.csiliz.sk\/wp-content\/uploads\/2024\/11\/437134346_122175404270028439_1727822713714350690_n.jpg\",\"contentUrl\":\"https:\/\/www.csiliz.sk\/wp-content\/uploads\/2024\/11\/437134346_122175404270028439_1727822713714350690_n.jpg\",\"width\":2048,\"height\":1365},{\"@type\":\"BreadcrumbList\",\"@id\":\"https:\/\/www.csiliz.sk\/?p=715#breadcrumb\",\"itemListElement\":[{\"@type\":\"ListItem\",\"position\":1,\"name\":\"Home\",\"item\":\"https:\/\/www.csiliz.sk\/\"},{\"@type\":\"ListItem\",\"position\":2,\"name\":\"\u00dajra tal\u00e1lkoztak a Csiliz menti \u00e9nekkarok &#8211; ez\u00fattal Csics\u00f3n\"}]},{\"@type\":\"WebSite\",\"@id\":\"https:\/\/www.csiliz.sk\/#website\",\"url\":\"https:\/\/www.csiliz.sk\/\",\"name\":\"Csiliz Menti N\u00e9pf\u0151iskola\",\"description\":\"\",\"publisher\":{\"@id\":\"https:\/\/www.csiliz.sk\/#organization\"},\"potentialAction\":[{\"@type\":\"SearchAction\",\"target\":{\"@type\":\"EntryPoint\",\"urlTemplate\":\"https:\/\/www.csiliz.sk\/?s={search_term_string}\"},\"query-input\":\"required name=search_term_string\"}],\"inLanguage\":\"hu\"},{\"@type\":\"Organization\",\"@id\":\"https:\/\/www.csiliz.sk\/#organization\",\"name\":\"Csiliz Menti N\u00e9pf\u0151iskola\",\"url\":\"https:\/\/www.csiliz.sk\/\",\"logo\":{\"@type\":\"ImageObject\",\"inLanguage\":\"hu\",\"@id\":\"https:\/\/www.csiliz.sk\/#\/schema\/logo\/image\/\",\"url\":\"https:\/\/www.csiliz.sk\/wp-content\/uploads\/2023\/05\/cropped-logo_szines.png\",\"contentUrl\":\"https:\/\/www.csiliz.sk\/wp-content\/uploads\/2023\/05\/cropped-logo_szines.png\",\"width\":719,\"height\":539,\"caption\":\"Csiliz Menti N\u00e9pf\u0151iskola\"},\"image\":{\"@id\":\"https:\/\/www.csiliz.sk\/#\/schema\/logo\/image\/\"}},{\"@type\":\"Person\",\"@id\":\"https:\/\/www.csiliz.sk\/#\/schema\/person\/7f4cb343ebe3c0693046613acbbd9fab\",\"name\":\"media@csiliz.sk\",\"image\":{\"@type\":\"ImageObject\",\"inLanguage\":\"hu\",\"@id\":\"https:\/\/www.csiliz.sk\/#\/schema\/person\/image\/\",\"url\":\"https:\/\/secure.gravatar.com\/avatar\/26459f18a66dc06977cf6491bfac041898567f0deb3c3f3d8de668ec20541ca7?s=96&d=mm&r=g\",\"contentUrl\":\"https:\/\/secure.gravatar.com\/avatar\/26459f18a66dc06977cf6491bfac041898567f0deb3c3f3d8de668ec20541ca7?s=96&d=mm&r=g\",\"caption\":\"media@csiliz.sk\"},\"url\":\"https:\/\/www.csiliz.sk\/?author=3\"}]}<\/script>\n<!-- \/ Yoast SEO plugin. -->","yoast_head_json":{"title":"\u00dajra tal\u00e1lkoztak a Csiliz menti \u00e9nekkarok - ez\u00fattal Csics\u00f3n - Csiliz Menti N\u00e9pf\u0151iskola","robots":{"index":"index","follow":"follow","max-snippet":"max-snippet:-1","max-image-preview":"max-image-preview:large","max-video-preview":"max-video-preview:-1"},"canonical":"https:\/\/www.csiliz.sk\/?p=715","og_locale":"hu_HU","og_type":"article","og_title":"\u00dajra tal\u00e1lkoztak a Csiliz menti \u00e9nekkarok - ez\u00fattal Csics\u00f3n - Csiliz Menti N\u00e9pf\u0151iskola","og_description":"2024. \u00e1prilis 23-\u00e1n a csics\u00f3i kult\u00farh\u00e1zban ker\u00fclt sor a Csiliz menti \u00e9nekkarok 2. tal\u00e1lkoz\u00f3j\u00e1ra A Csiliz menti falvak \u00e9nekkarainak rendszeres tal\u00e1lkoz\u00f3j\u00e1t a Csiliz Menti N\u00e9pf\u0151iskola kezdem\u00e9nyezte. A vend\u00e9gl\u00e1t\u00f3 szerep\u00e9t ez\u00fattal a csics\u00f3i Caritas \u00e9nekkar t\u00f6lt\u00f6tte be B\u00f6d\u0151k Nagy Judit vezet\u00e9s\u00e9vel. Az \u00e9nekkar minden tagja bekapcsol\u00f3dott a szervez\u00e9sbe, ki pog\u00e1cs\u00e1t, ki s\u00fctem\u00e9nyt s\u00fct\u00f6tt, de volt, aki [&hellip;]","og_url":"https:\/\/www.csiliz.sk\/?p=715","og_site_name":"Csiliz Menti N\u00e9pf\u0151iskola","article_published_time":"2024-04-24T22:14:00+00:00","article_modified_time":"2026-04-20T09:55:02+00:00","og_image":[{"width":2048,"height":1365,"url":"https:\/\/www.csiliz.sk\/wp-content\/uploads\/2024\/11\/437134346_122175404270028439_1727822713714350690_n.jpg","type":"image\/jpeg"}],"author":"media@csiliz.sk","twitter_card":"summary_large_image","twitter_misc":{"Szerz\u0151:":"media@csiliz.sk","Becs\u00fclt olvas\u00e1si id\u0151":"2 perc"},"schema":{"@context":"https:\/\/schema.org","@graph":[{"@type":"Article","@id":"https:\/\/www.csiliz.sk\/?p=715#article","isPartOf":{"@id":"https:\/\/www.csiliz.sk\/?p=715"},"author":{"name":"media@csiliz.sk","@id":"https:\/\/www.csiliz.sk\/#\/schema\/person\/7f4cb343ebe3c0693046613acbbd9fab"},"headline":"\u00dajra tal\u00e1lkoztak a Csiliz menti \u00e9nekkarok &#8211; ez\u00fattal Csics\u00f3n","datePublished":"2024-04-24T22:14:00+00:00","dateModified":"2026-04-20T09:55:02+00:00","mainEntityOfPage":{"@id":"https:\/\/www.csiliz.sk\/?p=715"},"wordCount":319,"commentCount":0,"publisher":{"@id":"https:\/\/www.csiliz.sk\/#organization"},"image":{"@id":"https:\/\/www.csiliz.sk\/?p=715#primaryimage"},"thumbnailUrl":"https:\/\/www.csiliz.sk\/wp-content\/uploads\/2024\/11\/437134346_122175404270028439_1727822713714350690_n.jpg","keywords":["Csics\u00f3","Csiliz Menti N\u00e9pf\u0151iskola","dal","\u00e9nek","\u00e9nekkar"],"articleSection":["Csiliz Menti M\u0171hely","H\u00edrek"],"inLanguage":"hu","potentialAction":[{"@type":"CommentAction","name":"Comment","target":["https:\/\/www.csiliz.sk\/?p=715#respond"]}]},{"@type":"WebPage","@id":"https:\/\/www.csiliz.sk\/?p=715","url":"https:\/\/www.csiliz.sk\/?p=715","name":"\u00dajra tal\u00e1lkoztak a Csiliz menti \u00e9nekkarok - ez\u00fattal Csics\u00f3n - Csiliz Menti N\u00e9pf\u0151iskola","isPartOf":{"@id":"https:\/\/www.csiliz.sk\/#website"},"primaryImageOfPage":{"@id":"https:\/\/www.csiliz.sk\/?p=715#primaryimage"},"image":{"@id":"https:\/\/www.csiliz.sk\/?p=715#primaryimage"},"thumbnailUrl":"https:\/\/www.csiliz.sk\/wp-content\/uploads\/2024\/11\/437134346_122175404270028439_1727822713714350690_n.jpg","datePublished":"2024-04-24T22:14:00+00:00","dateModified":"2026-04-20T09:55:02+00:00","breadcrumb":{"@id":"https:\/\/www.csiliz.sk\/?p=715#breadcrumb"},"inLanguage":"hu","potentialAction":[{"@type":"ReadAction","target":["https:\/\/www.csiliz.sk\/?p=715"]}]},{"@type":"ImageObject","inLanguage":"hu","@id":"https:\/\/www.csiliz.sk\/?p=715#primaryimage","url":"https:\/\/www.csiliz.sk\/wp-content\/uploads\/2024\/11\/437134346_122175404270028439_1727822713714350690_n.jpg","contentUrl":"https:\/\/www.csiliz.sk\/wp-content\/uploads\/2024\/11\/437134346_122175404270028439_1727822713714350690_n.jpg","width":2048,"height":1365},{"@type":"BreadcrumbList","@id":"https:\/\/www.csiliz.sk\/?p=715#breadcrumb","itemListElement":[{"@type":"ListItem","position":1,"name":"Home","item":"https:\/\/www.csiliz.sk\/"},{"@type":"ListItem","position":2,"name":"\u00dajra tal\u00e1lkoztak a Csiliz menti \u00e9nekkarok &#8211; ez\u00fattal Csics\u00f3n"}]},{"@type":"WebSite","@id":"https:\/\/www.csiliz.sk\/#website","url":"https:\/\/www.csiliz.sk\/","name":"Csiliz Menti N\u00e9pf\u0151iskola","description":"","publisher":{"@id":"https:\/\/www.csiliz.sk\/#organization"},"potentialAction":[{"@type":"SearchAction","target":{"@type":"EntryPoint","urlTemplate":"https:\/\/www.csiliz.sk\/?s={search_term_string}"},"query-input":"required name=search_term_string"}],"inLanguage":"hu"},{"@type":"Organization","@id":"https:\/\/www.csiliz.sk\/#organization","name":"Csiliz Menti N\u00e9pf\u0151iskola","url":"https:\/\/www.csiliz.sk\/","logo":{"@type":"ImageObject","inLanguage":"hu","@id":"https:\/\/www.csiliz.sk\/#\/schema\/logo\/image\/","url":"https:\/\/www.csiliz.sk\/wp-content\/uploads\/2023\/05\/cropped-logo_szines.png","contentUrl":"https:\/\/www.csiliz.sk\/wp-content\/uploads\/2023\/05\/cropped-logo_szines.png","width":719,"height":539,"caption":"Csiliz Menti N\u00e9pf\u0151iskola"},"image":{"@id":"https:\/\/www.csiliz.sk\/#\/schema\/logo\/image\/"}},{"@type":"Person","@id":"https:\/\/www.csiliz.sk\/#\/schema\/person\/7f4cb343ebe3c0693046613acbbd9fab","name":"media@csiliz.sk","image":{"@type":"ImageObject","inLanguage":"hu","@id":"https:\/\/www.csiliz.sk\/#\/schema\/person\/image\/","url":"https:\/\/secure.gravatar.com\/avatar\/26459f18a66dc06977cf6491bfac041898567f0deb3c3f3d8de668ec20541ca7?s=96&d=mm&r=g","contentUrl":"https:\/\/secure.gravatar.com\/avatar\/26459f18a66dc06977cf6491bfac041898567f0deb3c3f3d8de668ec20541ca7?s=96&d=mm&r=g","caption":"media@csiliz.sk"},"url":"https:\/\/www.csiliz.sk\/?author=3"}]}},"_links":{"self":[{"href":"https:\/\/www.csiliz.sk\/index.php?rest_route=\/wp\/v2\/posts\/715","targetHints":{"allow":["GET"]}}],"collection":[{"href":"https:\/\/www.csiliz.sk\/index.php?rest_route=\/wp\/v2\/posts"}],"about":[{"href":"https:\/\/www.csiliz.sk\/index.php?rest_route=\/wp\/v2\/types\/post"}],"author":[{"embeddable":true,"href":"https:\/\/www.csiliz.sk\/index.php?rest_route=\/wp\/v2\/users\/3"}],"replies":[{"embeddable":true,"href":"https:\/\/www.csiliz.sk\/index.php?rest_route=%2Fwp%2Fv2%2Fcomments&post=715"}],"version-history":[{"count":4,"href":"https:\/\/www.csiliz.sk\/index.php?rest_route=\/wp\/v2\/posts\/715\/revisions"}],"predecessor-version":[{"id":720,"href":"https:\/\/www.csiliz.sk\/index.php?rest_route=\/wp\/v2\/posts\/715\/revisions\/720"}],"wp:featuredmedia":[{"embeddable":true,"href":"https:\/\/www.csiliz.sk\/index.php?rest_route=\/wp\/v2\/media\/716"}],"wp:attachment":[{"href":"https:\/\/www.csiliz.sk\/index.php?rest_route=%2Fwp%2Fv2%2Fmedia&parent=715"}],"wp:term":[{"taxonomy":"category","embeddable":true,"href":"https:\/\/www.csiliz.sk\/index.php?rest_route=%2Fwp%2Fv2%2Fcategories&post=715"},{"taxonomy":"post_tag","embeddable":true,"href":"https:\/\/www.csiliz.sk\/index.php?rest_route=%2Fwp%2Fv2%2Ftags&post=715"}],"curies":[{"name":"wp","href":"https:\/\/api.w.org\/{rel}","templated":true}]}}