{"id":703,"date":"2024-04-06T20:05:00","date_gmt":"2024-04-06T20:05:00","guid":{"rendered":"https:\/\/www.csiliz.sk\/?p=703"},"modified":"2026-04-20T09:54:47","modified_gmt":"2026-04-20T09:54:47","slug":"szomszedoljunk-egyutt-a-csilizkozben","status":"publish","type":"post","link":"https:\/\/www.csiliz.sk\/?p=703","title":{"rendered":"Szomsz\u00e9doljunk egy\u00fctt a Csilizk\u00f6zben"},"content":{"rendered":"\t\t<div data-elementor-type=\"wp-post\" data-elementor-id=\"703\" class=\"elementor elementor-703\" data-elementor-post-type=\"post\">\n\t\t\t\t<div class=\"elementor-element elementor-element-0abf534 e-flex e-con-boxed e-con e-parent\" data-id=\"0abf534\" data-element_type=\"container\" data-core-v316-plus=\"true\">\n\t\t\t\t\t<div class=\"e-con-inner\">\n\t\t\t\t<div class=\"elementor-element elementor-element-2cb717b elementor-widget elementor-widget-text-editor\" data-id=\"2cb717b\" data-element_type=\"widget\" data-widget_type=\"text-editor.default\">\n\t\t\t\t<div class=\"elementor-widget-container\">\n\t\t\t<style>\/*! elementor - v3.20.0 - 26-03-2024 *\/\n.elementor-widget-text-editor.elementor-drop-cap-view-stacked .elementor-drop-cap{background-color:#69727d;color:#fff}.elementor-widget-text-editor.elementor-drop-cap-view-framed .elementor-drop-cap{color:#69727d;border:3px solid;background-color:transparent}.elementor-widget-text-editor:not(.elementor-drop-cap-view-default) .elementor-drop-cap{margin-top:8px}.elementor-widget-text-editor:not(.elementor-drop-cap-view-default) .elementor-drop-cap-letter{width:1em;height:1em}.elementor-widget-text-editor .elementor-drop-cap{float:left;text-align:center;line-height:1;font-size:50px}.elementor-widget-text-editor .elementor-drop-cap-letter{display:inline-block}<\/style>\t\t\t\t<p>A Csiliz Menti N\u00e9pf\u0151iskola felh\u00edvja minden \u00e9rdekl\u0151d\u0151 figyelm\u00e9t, hogy 2024. \u00e1prilis 11-t\u0151l lehet jelentkezni az V. Szomsz\u00e9dol\u00f3 Ker\u00e9kp\u00e1rt\u00far\u00e1ra. A ker\u00e9kp\u00e1ros barangol\u00e1sra 2024. m\u00e1jus 11-\u00e9n ker\u00fcl sor, gy\u00fclekez\u0151 a csilizny\u00e1radi sportp\u00e1ly\u00e1n lesz, rajt d\u00e9lel\u0151tt 9:00-kor. A r\u00e9szv\u00e9teli d\u00edj 5 eur\u00f3.<\/p><h5>Felh\u00edvjuk az \u00e9rdekl\u0151d\u0151k figyelm\u00e9t, hogy a l\u00e9tsz\u00e1m korl\u00e1tozott, ahogy eddig minden \u00e9vben, most is 60 f\u0151 vehet r\u00e9szt a t\u00far\u00e1n.<\/h5><p>Jelentkezni az al\u00e1bbi el\u00e9rhet\u0151s\u00e9geken lehet:<\/p><p>Mobil: +421 910 695 340<br \/>\u00dczenet: facebook-com\/Csilizk\u00f6zi ker\u00e9kp\u00e1rt\u00fara<\/p>\t\t\t\t\t\t<\/div>\n\t\t\t\t<\/div>\n\t\t\t\t\t<\/div>\n\t\t\t\t<\/div>\n\t\t<div class=\"elementor-element elementor-element-8783e84 e-flex e-con-boxed e-con e-parent\" data-id=\"8783e84\" data-element_type=\"container\" data-core-v316-plus=\"true\">\n\t\t\t\t\t<div class=\"e-con-inner\">\n\t\t\t\t<div class=\"elementor-element elementor-element-413498f elementor-widget__width-initial elementor-widget elementor-widget-html\" data-id=\"413498f\" data-element_type=\"widget\" data-widget_type=\"html.default\">\n\t\t\t\t<div class=\"elementor-widget-container\">\n\t\t\t<iframe src=\"https:\/\/www.facebook.com\/plugins\/post.php?href=https%3A%2F%2Fwww.facebook.com%2Fpermalink.php%3Fstory_fbid%3Dpfbid0cTtfAb4ZTqNccPxCKD9ZA4eSnGPR7yVt1b5CR6e1PXsko4hVaXktdFkis1oDdBXil%26id%3D61550853190793&show_text=true&width=500\" width=\"500\" height=\"498\" style=\"border:none;overflow:hidden\" scrolling=\"no\" frameborder=\"0\" allowfullscreen=\"true\" allow=\"autoplay; clipboard-write; encrypted-media; picture-in-picture; web-share\"><\/iframe>\r\n\t\t<\/div>\n\t\t\t\t<\/div>\n\t\t\t\t\t<\/div>\n\t\t\t\t<\/div>\n\t\t<div class=\"elementor-element elementor-element-971c87e e-flex e-con-boxed e-con e-parent\" data-id=\"971c87e\" data-element_type=\"container\" data-core-v316-plus=\"true\">\n\t\t\t\t\t<div class=\"e-con-inner\">\n\t\t\t\t<div class=\"elementor-element elementor-element-006ea60 elementor-widget elementor-widget-text-editor\" data-id=\"006ea60\" data-element_type=\"widget\" data-widget_type=\"text-editor.default\">\n\t\t\t\t<div class=\"elementor-widget-container\">\n\t\t\t\t\t\t\t<p>\/csmn\/<\/p>\t\t\t\t\t\t<\/div>\n\t\t\t\t<\/div>\n\t\t\t\t\t<\/div>\n\t\t\t\t<\/div>\n\t\t\t\t<\/div>\n\t\t","protected":false},"excerpt":{"rendered":"<p>A Csiliz Menti N\u00e9pf\u0151iskola felh\u00edvja minden \u00e9rdekl\u0151d\u0151 figyelm\u00e9t, hogy 2024. \u00e1prilis 11-t\u0151l lehet jelentkezni az V. Szomsz\u00e9dol\u00f3 Ker\u00e9kp\u00e1rt\u00far\u00e1ra. A ker\u00e9kp\u00e1ros barangol\u00e1sra 2024. m\u00e1jus 11-\u00e9n ker\u00fcl sor, gy\u00fclekez\u0151 a csilizny\u00e1radi sportp\u00e1ly\u00e1n lesz, rajt d\u00e9lel\u0151tt 9:00-kor. A r\u00e9szv\u00e9teli d\u00edj 5 eur\u00f3. Felh\u00edvjuk az \u00e9rdekl\u0151d\u0151k figyelm\u00e9t, hogy a l\u00e9tsz\u00e1m korl\u00e1tozott, ahogy eddig minden \u00e9vben, most is 60 f\u0151 [&hellip;]<\/p>\n","protected":false},"author":3,"featured_media":704,"comment_status":"open","ping_status":"open","sticky":false,"template":"","format":"standard","meta":{"_monsterinsights_skip_tracking":false,"_monsterinsights_sitenote_active":false,"_monsterinsights_sitenote_note":"","_monsterinsights_sitenote_category":0,"footnotes":""},"categories":[5,62],"tags":[22,40,23,39],"class_list":["post-703","post","type-post","status-publish","format-standard","has-post-thumbnail","hentry","category-hirek","category-mozdulj-csiliz-mente","tag-csiliz-menti-nepfoiskola","tag-csilizkoz","tag-kozosseg","tag-szomszedolo-kerekpartura"],"yoast_head":"<!-- This site is optimized with the Yoast SEO plugin v22.3 - https:\/\/yoast.com\/wordpress\/plugins\/seo\/ -->\n<title>Szomsz\u00e9doljunk egy\u00fctt a Csilizk\u00f6zben - Csiliz Menti N\u00e9pf\u0151iskola<\/title>\n<meta name=\"robots\" content=\"index, follow, max-snippet:-1, max-image-preview:large, max-video-preview:-1\" \/>\n<link rel=\"canonical\" href=\"https:\/\/www.csiliz.sk\/?p=703\" \/>\n<meta property=\"og:locale\" content=\"hu_HU\" \/>\n<meta property=\"og:type\" content=\"article\" \/>\n<meta property=\"og:title\" content=\"Szomsz\u00e9doljunk egy\u00fctt a Csilizk\u00f6zben - Csiliz Menti N\u00e9pf\u0151iskola\" \/>\n<meta property=\"og:description\" content=\"A Csiliz Menti N\u00e9pf\u0151iskola felh\u00edvja minden \u00e9rdekl\u0151d\u0151 figyelm\u00e9t, hogy 2024. \u00e1prilis 11-t\u0151l lehet jelentkezni az V. Szomsz\u00e9dol\u00f3 Ker\u00e9kp\u00e1rt\u00far\u00e1ra. A ker\u00e9kp\u00e1ros barangol\u00e1sra 2024. m\u00e1jus 11-\u00e9n ker\u00fcl sor, gy\u00fclekez\u0151 a csilizny\u00e1radi sportp\u00e1ly\u00e1n lesz, rajt d\u00e9lel\u0151tt 9:00-kor. A r\u00e9szv\u00e9teli d\u00edj 5 eur\u00f3. Felh\u00edvjuk az \u00e9rdekl\u0151d\u0151k figyelm\u00e9t, hogy a l\u00e9tsz\u00e1m korl\u00e1tozott, ahogy eddig minden \u00e9vben, most is 60 f\u0151 [&hellip;]\" \/>\n<meta property=\"og:url\" content=\"https:\/\/www.csiliz.sk\/?p=703\" \/>\n<meta property=\"og:site_name\" content=\"Csiliz Menti N\u00e9pf\u0151iskola\" \/>\n<meta property=\"article:published_time\" content=\"2024-04-06T20:05:00+00:00\" \/>\n<meta property=\"article:modified_time\" content=\"2026-04-20T09:54:47+00:00\" \/>\n<meta property=\"og:image\" content=\"https:\/\/www.csiliz.sk\/wp-content\/uploads\/2024\/11\/442400070_1318781912370366_7446235412230235520_n_apr6.jpg\" \/>\n\t<meta property=\"og:image:width\" content=\"2048\" \/>\n\t<meta property=\"og:image:height\" content=\"1362\" \/>\n\t<meta property=\"og:image:type\" content=\"image\/jpeg\" \/>\n<meta name=\"author\" content=\"media@csiliz.sk\" \/>\n<meta name=\"twitter:card\" content=\"summary_large_image\" \/>\n<meta name=\"twitter:label1\" content=\"Szerz\u0151:\" \/>\n\t<meta name=\"twitter:data1\" content=\"media@csiliz.sk\" \/>\n\t<meta name=\"twitter:label2\" content=\"Becs\u00fclt olvas\u00e1si id\u0151\" \/>\n\t<meta name=\"twitter:data2\" content=\"1 perc\" \/>\n<script type=\"application\/ld+json\" class=\"yoast-schema-graph\">{\"@context\":\"https:\/\/schema.org\",\"@graph\":[{\"@type\":\"Article\",\"@id\":\"https:\/\/www.csiliz.sk\/?p=703#article\",\"isPartOf\":{\"@id\":\"https:\/\/www.csiliz.sk\/?p=703\"},\"author\":{\"name\":\"media@csiliz.sk\",\"@id\":\"https:\/\/www.csiliz.sk\/#\/schema\/person\/7f4cb343ebe3c0693046613acbbd9fab\"},\"headline\":\"Szomsz\u00e9doljunk egy\u00fctt a Csilizk\u00f6zben\",\"datePublished\":\"2024-04-06T20:05:00+00:00\",\"dateModified\":\"2026-04-20T09:54:47+00:00\",\"mainEntityOfPage\":{\"@id\":\"https:\/\/www.csiliz.sk\/?p=703\"},\"wordCount\":117,\"commentCount\":0,\"publisher\":{\"@id\":\"https:\/\/www.csiliz.sk\/#organization\"},\"image\":{\"@id\":\"https:\/\/www.csiliz.sk\/?p=703#primaryimage\"},\"thumbnailUrl\":\"https:\/\/www.csiliz.sk\/wp-content\/uploads\/2024\/11\/442400070_1318781912370366_7446235412230235520_n_apr6.jpg\",\"keywords\":[\"Csiliz Menti N\u00e9pf\u0151iskola\",\"Csilizk\u00f6z\",\"k\u00f6z\u00f6ss\u00e9g\",\"Szomsz\u00e9dol\u00f3 Ker\u00e9kp\u00e1rt\u00fara\"],\"articleSection\":[\"H\u00edrek\",\"Mozdulj Csiliz Mente\"],\"inLanguage\":\"hu\",\"potentialAction\":[{\"@type\":\"CommentAction\",\"name\":\"Comment\",\"target\":[\"https:\/\/www.csiliz.sk\/?p=703#respond\"]}]},{\"@type\":\"WebPage\",\"@id\":\"https:\/\/www.csiliz.sk\/?p=703\",\"url\":\"https:\/\/www.csiliz.sk\/?p=703\",\"name\":\"Szomsz\u00e9doljunk egy\u00fctt a Csilizk\u00f6zben - Csiliz Menti N\u00e9pf\u0151iskola\",\"isPartOf\":{\"@id\":\"https:\/\/www.csiliz.sk\/#website\"},\"primaryImageOfPage\":{\"@id\":\"https:\/\/www.csiliz.sk\/?p=703#primaryimage\"},\"image\":{\"@id\":\"https:\/\/www.csiliz.sk\/?p=703#primaryimage\"},\"thumbnailUrl\":\"https:\/\/www.csiliz.sk\/wp-content\/uploads\/2024\/11\/442400070_1318781912370366_7446235412230235520_n_apr6.jpg\",\"datePublished\":\"2024-04-06T20:05:00+00:00\",\"dateModified\":\"2026-04-20T09:54:47+00:00\",\"breadcrumb\":{\"@id\":\"https:\/\/www.csiliz.sk\/?p=703#breadcrumb\"},\"inLanguage\":\"hu\",\"potentialAction\":[{\"@type\":\"ReadAction\",\"target\":[\"https:\/\/www.csiliz.sk\/?p=703\"]}]},{\"@type\":\"ImageObject\",\"inLanguage\":\"hu\",\"@id\":\"https:\/\/www.csiliz.sk\/?p=703#primaryimage\",\"url\":\"https:\/\/www.csiliz.sk\/wp-content\/uploads\/2024\/11\/442400070_1318781912370366_7446235412230235520_n_apr6.jpg\",\"contentUrl\":\"https:\/\/www.csiliz.sk\/wp-content\/uploads\/2024\/11\/442400070_1318781912370366_7446235412230235520_n_apr6.jpg\",\"width\":2048,\"height\":1362},{\"@type\":\"BreadcrumbList\",\"@id\":\"https:\/\/www.csiliz.sk\/?p=703#breadcrumb\",\"itemListElement\":[{\"@type\":\"ListItem\",\"position\":1,\"name\":\"Home\",\"item\":\"https:\/\/www.csiliz.sk\/\"},{\"@type\":\"ListItem\",\"position\":2,\"name\":\"Szomsz\u00e9doljunk egy\u00fctt a Csilizk\u00f6zben\"}]},{\"@type\":\"WebSite\",\"@id\":\"https:\/\/www.csiliz.sk\/#website\",\"url\":\"https:\/\/www.csiliz.sk\/\",\"name\":\"Csiliz Menti N\u00e9pf\u0151iskola\",\"description\":\"\",\"publisher\":{\"@id\":\"https:\/\/www.csiliz.sk\/#organization\"},\"potentialAction\":[{\"@type\":\"SearchAction\",\"target\":{\"@type\":\"EntryPoint\",\"urlTemplate\":\"https:\/\/www.csiliz.sk\/?s={search_term_string}\"},\"query-input\":\"required name=search_term_string\"}],\"inLanguage\":\"hu\"},{\"@type\":\"Organization\",\"@id\":\"https:\/\/www.csiliz.sk\/#organization\",\"name\":\"Csiliz Menti N\u00e9pf\u0151iskola\",\"url\":\"https:\/\/www.csiliz.sk\/\",\"logo\":{\"@type\":\"ImageObject\",\"inLanguage\":\"hu\",\"@id\":\"https:\/\/www.csiliz.sk\/#\/schema\/logo\/image\/\",\"url\":\"https:\/\/www.csiliz.sk\/wp-content\/uploads\/2023\/05\/cropped-logo_szines.png\",\"contentUrl\":\"https:\/\/www.csiliz.sk\/wp-content\/uploads\/2023\/05\/cropped-logo_szines.png\",\"width\":719,\"height\":539,\"caption\":\"Csiliz Menti N\u00e9pf\u0151iskola\"},\"image\":{\"@id\":\"https:\/\/www.csiliz.sk\/#\/schema\/logo\/image\/\"}},{\"@type\":\"Person\",\"@id\":\"https:\/\/www.csiliz.sk\/#\/schema\/person\/7f4cb343ebe3c0693046613acbbd9fab\",\"name\":\"media@csiliz.sk\",\"image\":{\"@type\":\"ImageObject\",\"inLanguage\":\"hu\",\"@id\":\"https:\/\/www.csiliz.sk\/#\/schema\/person\/image\/\",\"url\":\"https:\/\/secure.gravatar.com\/avatar\/26459f18a66dc06977cf6491bfac041898567f0deb3c3f3d8de668ec20541ca7?s=96&d=mm&r=g\",\"contentUrl\":\"https:\/\/secure.gravatar.com\/avatar\/26459f18a66dc06977cf6491bfac041898567f0deb3c3f3d8de668ec20541ca7?s=96&d=mm&r=g\",\"caption\":\"media@csiliz.sk\"},\"url\":\"https:\/\/www.csiliz.sk\/?author=3\"}]}<\/script>\n<!-- \/ Yoast SEO plugin. -->","yoast_head_json":{"title":"Szomsz\u00e9doljunk egy\u00fctt a Csilizk\u00f6zben - Csiliz Menti N\u00e9pf\u0151iskola","robots":{"index":"index","follow":"follow","max-snippet":"max-snippet:-1","max-image-preview":"max-image-preview:large","max-video-preview":"max-video-preview:-1"},"canonical":"https:\/\/www.csiliz.sk\/?p=703","og_locale":"hu_HU","og_type":"article","og_title":"Szomsz\u00e9doljunk egy\u00fctt a Csilizk\u00f6zben - Csiliz Menti N\u00e9pf\u0151iskola","og_description":"A Csiliz Menti N\u00e9pf\u0151iskola felh\u00edvja minden \u00e9rdekl\u0151d\u0151 figyelm\u00e9t, hogy 2024. \u00e1prilis 11-t\u0151l lehet jelentkezni az V. Szomsz\u00e9dol\u00f3 Ker\u00e9kp\u00e1rt\u00far\u00e1ra. A ker\u00e9kp\u00e1ros barangol\u00e1sra 2024. m\u00e1jus 11-\u00e9n ker\u00fcl sor, gy\u00fclekez\u0151 a csilizny\u00e1radi sportp\u00e1ly\u00e1n lesz, rajt d\u00e9lel\u0151tt 9:00-kor. A r\u00e9szv\u00e9teli d\u00edj 5 eur\u00f3. Felh\u00edvjuk az \u00e9rdekl\u0151d\u0151k figyelm\u00e9t, hogy a l\u00e9tsz\u00e1m korl\u00e1tozott, ahogy eddig minden \u00e9vben, most is 60 f\u0151 [&hellip;]","og_url":"https:\/\/www.csiliz.sk\/?p=703","og_site_name":"Csiliz Menti N\u00e9pf\u0151iskola","article_published_time":"2024-04-06T20:05:00+00:00","article_modified_time":"2026-04-20T09:54:47+00:00","og_image":[{"width":2048,"height":1362,"url":"https:\/\/www.csiliz.sk\/wp-content\/uploads\/2024\/11\/442400070_1318781912370366_7446235412230235520_n_apr6.jpg","type":"image\/jpeg"}],"author":"media@csiliz.sk","twitter_card":"summary_large_image","twitter_misc":{"Szerz\u0151:":"media@csiliz.sk","Becs\u00fclt olvas\u00e1si id\u0151":"1 perc"},"schema":{"@context":"https:\/\/schema.org","@graph":[{"@type":"Article","@id":"https:\/\/www.csiliz.sk\/?p=703#article","isPartOf":{"@id":"https:\/\/www.csiliz.sk\/?p=703"},"author":{"name":"media@csiliz.sk","@id":"https:\/\/www.csiliz.sk\/#\/schema\/person\/7f4cb343ebe3c0693046613acbbd9fab"},"headline":"Szomsz\u00e9doljunk egy\u00fctt a Csilizk\u00f6zben","datePublished":"2024-04-06T20:05:00+00:00","dateModified":"2026-04-20T09:54:47+00:00","mainEntityOfPage":{"@id":"https:\/\/www.csiliz.sk\/?p=703"},"wordCount":117,"commentCount":0,"publisher":{"@id":"https:\/\/www.csiliz.sk\/#organization"},"image":{"@id":"https:\/\/www.csiliz.sk\/?p=703#primaryimage"},"thumbnailUrl":"https:\/\/www.csiliz.sk\/wp-content\/uploads\/2024\/11\/442400070_1318781912370366_7446235412230235520_n_apr6.jpg","keywords":["Csiliz Menti N\u00e9pf\u0151iskola","Csilizk\u00f6z","k\u00f6z\u00f6ss\u00e9g","Szomsz\u00e9dol\u00f3 Ker\u00e9kp\u00e1rt\u00fara"],"articleSection":["H\u00edrek","Mozdulj Csiliz Mente"],"inLanguage":"hu","potentialAction":[{"@type":"CommentAction","name":"Comment","target":["https:\/\/www.csiliz.sk\/?p=703#respond"]}]},{"@type":"WebPage","@id":"https:\/\/www.csiliz.sk\/?p=703","url":"https:\/\/www.csiliz.sk\/?p=703","name":"Szomsz\u00e9doljunk egy\u00fctt a Csilizk\u00f6zben - Csiliz Menti N\u00e9pf\u0151iskola","isPartOf":{"@id":"https:\/\/www.csiliz.sk\/#website"},"primaryImageOfPage":{"@id":"https:\/\/www.csiliz.sk\/?p=703#primaryimage"},"image":{"@id":"https:\/\/www.csiliz.sk\/?p=703#primaryimage"},"thumbnailUrl":"https:\/\/www.csiliz.sk\/wp-content\/uploads\/2024\/11\/442400070_1318781912370366_7446235412230235520_n_apr6.jpg","datePublished":"2024-04-06T20:05:00+00:00","dateModified":"2026-04-20T09:54:47+00:00","breadcrumb":{"@id":"https:\/\/www.csiliz.sk\/?p=703#breadcrumb"},"inLanguage":"hu","potentialAction":[{"@type":"ReadAction","target":["https:\/\/www.csiliz.sk\/?p=703"]}]},{"@type":"ImageObject","inLanguage":"hu","@id":"https:\/\/www.csiliz.sk\/?p=703#primaryimage","url":"https:\/\/www.csiliz.sk\/wp-content\/uploads\/2024\/11\/442400070_1318781912370366_7446235412230235520_n_apr6.jpg","contentUrl":"https:\/\/www.csiliz.sk\/wp-content\/uploads\/2024\/11\/442400070_1318781912370366_7446235412230235520_n_apr6.jpg","width":2048,"height":1362},{"@type":"BreadcrumbList","@id":"https:\/\/www.csiliz.sk\/?p=703#breadcrumb","itemListElement":[{"@type":"ListItem","position":1,"name":"Home","item":"https:\/\/www.csiliz.sk\/"},{"@type":"ListItem","position":2,"name":"Szomsz\u00e9doljunk egy\u00fctt a Csilizk\u00f6zben"}]},{"@type":"WebSite","@id":"https:\/\/www.csiliz.sk\/#website","url":"https:\/\/www.csiliz.sk\/","name":"Csiliz Menti N\u00e9pf\u0151iskola","description":"","publisher":{"@id":"https:\/\/www.csiliz.sk\/#organization"},"potentialAction":[{"@type":"SearchAction","target":{"@type":"EntryPoint","urlTemplate":"https:\/\/www.csiliz.sk\/?s={search_term_string}"},"query-input":"required name=search_term_string"}],"inLanguage":"hu"},{"@type":"Organization","@id":"https:\/\/www.csiliz.sk\/#organization","name":"Csiliz Menti N\u00e9pf\u0151iskola","url":"https:\/\/www.csiliz.sk\/","logo":{"@type":"ImageObject","inLanguage":"hu","@id":"https:\/\/www.csiliz.sk\/#\/schema\/logo\/image\/","url":"https:\/\/www.csiliz.sk\/wp-content\/uploads\/2023\/05\/cropped-logo_szines.png","contentUrl":"https:\/\/www.csiliz.sk\/wp-content\/uploads\/2023\/05\/cropped-logo_szines.png","width":719,"height":539,"caption":"Csiliz Menti N\u00e9pf\u0151iskola"},"image":{"@id":"https:\/\/www.csiliz.sk\/#\/schema\/logo\/image\/"}},{"@type":"Person","@id":"https:\/\/www.csiliz.sk\/#\/schema\/person\/7f4cb343ebe3c0693046613acbbd9fab","name":"media@csiliz.sk","image":{"@type":"ImageObject","inLanguage":"hu","@id":"https:\/\/www.csiliz.sk\/#\/schema\/person\/image\/","url":"https:\/\/secure.gravatar.com\/avatar\/26459f18a66dc06977cf6491bfac041898567f0deb3c3f3d8de668ec20541ca7?s=96&d=mm&r=g","contentUrl":"https:\/\/secure.gravatar.com\/avatar\/26459f18a66dc06977cf6491bfac041898567f0deb3c3f3d8de668ec20541ca7?s=96&d=mm&r=g","caption":"media@csiliz.sk"},"url":"https:\/\/www.csiliz.sk\/?author=3"}]}},"_links":{"self":[{"href":"https:\/\/www.csiliz.sk\/index.php?rest_route=\/wp\/v2\/posts\/703","targetHints":{"allow":["GET"]}}],"collection":[{"href":"https:\/\/www.csiliz.sk\/index.php?rest_route=\/wp\/v2\/posts"}],"about":[{"href":"https:\/\/www.csiliz.sk\/index.php?rest_route=\/wp\/v2\/types\/post"}],"author":[{"embeddable":true,"href":"https:\/\/www.csiliz.sk\/index.php?rest_route=\/wp\/v2\/users\/3"}],"replies":[{"embeddable":true,"href":"https:\/\/www.csiliz.sk\/index.php?rest_route=%2Fwp%2Fv2%2Fcomments&post=703"}],"version-history":[{"count":4,"href":"https:\/\/www.csiliz.sk\/index.php?rest_route=\/wp\/v2\/posts\/703\/revisions"}],"predecessor-version":[{"id":708,"href":"https:\/\/www.csiliz.sk\/index.php?rest_route=\/wp\/v2\/posts\/703\/revisions\/708"}],"wp:featuredmedia":[{"embeddable":true,"href":"https:\/\/www.csiliz.sk\/index.php?rest_route=\/wp\/v2\/media\/704"}],"wp:attachment":[{"href":"https:\/\/www.csiliz.sk\/index.php?rest_route=%2Fwp%2Fv2%2Fmedia&parent=703"}],"wp:term":[{"taxonomy":"category","embeddable":true,"href":"https:\/\/www.csiliz.sk\/index.php?rest_route=%2Fwp%2Fv2%2Fcategories&post=703"},{"taxonomy":"post_tag","embeddable":true,"href":"https:\/\/www.csiliz.sk\/index.php?rest_route=%2Fwp%2Fv2%2Ftags&post=703"}],"curies":[{"name":"wp","href":"https:\/\/api.w.org\/{rel}","templated":true}]}}