{"id":677,"date":"2024-03-11T18:11:00","date_gmt":"2024-03-11T18:11:00","guid":{"rendered":"https:\/\/www.csiliz.sk\/?p=677"},"modified":"2026-04-20T09:55:38","modified_gmt":"2026-04-20T09:55:38","slug":"szombaton-elkezdodott-nemezelo-tanfolyamunk","status":"publish","type":"post","link":"https:\/\/www.csiliz.sk\/?p=677","title":{"rendered":"Szombaton elkezd\u0151d\u00f6tt nemezel\u0151 tanfolyamunk"},"content":{"rendered":"\t\t<div data-elementor-type=\"wp-post\" data-elementor-id=\"677\" class=\"elementor elementor-677\" data-elementor-post-type=\"post\">\n\t\t\t\t<div class=\"elementor-element elementor-element-01b58c6 e-flex e-con-boxed e-con e-parent\" data-id=\"01b58c6\" data-element_type=\"container\" data-core-v316-plus=\"true\">\n\t\t\t\t\t<div class=\"e-con-inner\">\n\t\t\t\t<div class=\"elementor-element elementor-element-549ae66 elementor-widget elementor-widget-text-editor\" data-id=\"549ae66\" data-element_type=\"widget\" data-widget_type=\"text-editor.default\">\n\t\t\t\t<div class=\"elementor-widget-container\">\n\t\t\t<style>\/*! elementor - v3.20.0 - 26-03-2024 *\/\n.elementor-widget-text-editor.elementor-drop-cap-view-stacked .elementor-drop-cap{background-color:#69727d;color:#fff}.elementor-widget-text-editor.elementor-drop-cap-view-framed .elementor-drop-cap{color:#69727d;border:3px solid;background-color:transparent}.elementor-widget-text-editor:not(.elementor-drop-cap-view-default) .elementor-drop-cap{margin-top:8px}.elementor-widget-text-editor:not(.elementor-drop-cap-view-default) .elementor-drop-cap-letter{width:1em;height:1em}.elementor-widget-text-editor .elementor-drop-cap{float:left;text-align:center;line-height:1;font-size:50px}.elementor-widget-text-editor .elementor-drop-cap-letter{display:inline-block}<\/style>\t\t\t\t<h5>Szombaton elkezd\u0151d\u00f6tt a Csiliz Menti N\u00e9pf\u0151iskola h\u00e1rom h\u00e9tv\u00e9gi alkalomb\u00f3l \u00e1ll\u00f3 nemezel\u0151tanfolyama M\u00e9hes Zsanett vezet\u00e9s\u00e9vel a N\u00e9pf\u0151iskola csilizpatasi m\u0171helyterm\u00e9ben. Tov\u00e1bbra is v\u00e1rjuk a jelentkez\u0151ket a fennmarad\u00f3 k\u00e9t alkalomra, regisztr\u00e1lni a kepzes@csiliz.sk e-mailc\u00edmen lehet. <\/h5>\t\t\t\t\t\t<\/div>\n\t\t\t\t<\/div>\n\t\t\t\t\t<\/div>\n\t\t\t\t<\/div>\n\t\t<div class=\"elementor-element elementor-element-477b37f e-flex e-con-boxed e-con e-parent\" data-id=\"477b37f\" data-element_type=\"container\" data-core-v316-plus=\"true\">\n\t\t\t\t\t<div class=\"e-con-inner\">\n\t\t\t\t<div class=\"elementor-element elementor-element-c27cf51 elementor-widget__width-initial elementor-widget elementor-widget-html\" data-id=\"c27cf51\" data-element_type=\"widget\" data-widget_type=\"html.default\">\n\t\t\t\t<div class=\"elementor-widget-container\">\n\t\t\t<iframe src=\"https:\/\/www.facebook.com\/plugins\/post.php?href=https%3A%2F%2Fwww.facebook.com%2Fpermalink.php%3Fstory_fbid%3Dpfbid0UkTUP2Gp6PXr4KdC77chyEJkJ1TwxLAHb3qByUEf3t5Txoj76cez771cZrxyp19Zl%26id%3D61550853190793&show_text=true&width=500\" width=\"500\" height=\"748\" style=\"border:none;overflow:hidden\" scrolling=\"no\" frameborder=\"0\" allowfullscreen=\"true\" allow=\"autoplay; clipboard-write; encrypted-media; picture-in-picture; web-share\"><\/iframe>\t\t<\/div>\n\t\t\t\t<\/div>\n\t\t\t\t\t<\/div>\n\t\t\t\t<\/div>\n\t\t<div class=\"elementor-element elementor-element-0d497f3 e-flex e-con-boxed e-con e-parent\" data-id=\"0d497f3\" data-element_type=\"container\" data-core-v316-plus=\"true\">\n\t\t\t\t\t<div class=\"e-con-inner\">\n\t\t\t\t<div class=\"elementor-element elementor-element-ba8280c elementor-widget elementor-widget-text-editor\" data-id=\"ba8280c\" data-element_type=\"widget\" data-widget_type=\"text-editor.default\">\n\t\t\t\t<div class=\"elementor-widget-container\">\n\t\t\t\t\t\t\t<p>\/csmn\/<\/p>\t\t\t\t\t\t<\/div>\n\t\t\t\t<\/div>\n\t\t\t\t\t<\/div>\n\t\t\t\t<\/div>\n\t\t\t\t<\/div>\n\t\t","protected":false},"excerpt":{"rendered":"<p>Szombaton elkezd\u0151d\u00f6tt a Csiliz Menti N\u00e9pf\u0151iskola h\u00e1rom h\u00e9tv\u00e9gi alkalomb\u00f3l \u00e1ll\u00f3 nemezel\u0151tanfolyama M\u00e9hes Zsanett vezet\u00e9s\u00e9vel a N\u00e9pf\u0151iskola csilizpatasi m\u0171helyterm\u00e9ben. Tov\u00e1bbra is v\u00e1rjuk a jelentkez\u0151ket a fennmarad\u00f3 k\u00e9t alkalomra, regisztr\u00e1lni a kepzes@csiliz.sk e-mailc\u00edmen lehet. \/csmn\/<\/p>\n","protected":false},"author":3,"featured_media":678,"comment_status":"open","ping_status":"open","sticky":false,"template":"","format":"standard","meta":{"_monsterinsights_skip_tracking":false,"_monsterinsights_sitenote_active":false,"_monsterinsights_sitenote_note":"","_monsterinsights_sitenote_category":0,"footnotes":""},"categories":[61,5],"tags":[22,36],"class_list":["post-677","post","type-post","status-publish","format-standard","has-post-thumbnail","hentry","category-csiliz-menti-muhely","category-hirek","tag-csiliz-menti-nepfoiskola","tag-nemezelo-tanfolyam"],"yoast_head":"<!-- This site is optimized with the Yoast SEO plugin v22.3 - https:\/\/yoast.com\/wordpress\/plugins\/seo\/ -->\n<title>Szombaton elkezd\u0151d\u00f6tt nemezel\u0151 tanfolyamunk - Csiliz Menti N\u00e9pf\u0151iskola<\/title>\n<meta name=\"robots\" content=\"index, follow, max-snippet:-1, max-image-preview:large, max-video-preview:-1\" \/>\n<link rel=\"canonical\" href=\"https:\/\/www.csiliz.sk\/?p=677\" \/>\n<meta property=\"og:locale\" content=\"hu_HU\" \/>\n<meta property=\"og:type\" content=\"article\" \/>\n<meta property=\"og:title\" content=\"Szombaton elkezd\u0151d\u00f6tt nemezel\u0151 tanfolyamunk - Csiliz Menti N\u00e9pf\u0151iskola\" \/>\n<meta property=\"og:description\" content=\"Szombaton elkezd\u0151d\u00f6tt a Csiliz Menti N\u00e9pf\u0151iskola h\u00e1rom h\u00e9tv\u00e9gi alkalomb\u00f3l \u00e1ll\u00f3 nemezel\u0151tanfolyama M\u00e9hes Zsanett vezet\u00e9s\u00e9vel a N\u00e9pf\u0151iskola csilizpatasi m\u0171helyterm\u00e9ben. Tov\u00e1bbra is v\u00e1rjuk a jelentkez\u0151ket a fennmarad\u00f3 k\u00e9t alkalomra, regisztr\u00e1lni a kepzes@csiliz.sk e-mailc\u00edmen lehet. \/csmn\/\" \/>\n<meta property=\"og:url\" content=\"https:\/\/www.csiliz.sk\/?p=677\" \/>\n<meta property=\"og:site_name\" content=\"Csiliz Menti N\u00e9pf\u0151iskola\" \/>\n<meta property=\"article:published_time\" content=\"2024-03-11T18:11:00+00:00\" \/>\n<meta property=\"article:modified_time\" content=\"2026-04-20T09:55:38+00:00\" \/>\n<meta property=\"og:image\" content=\"https:\/\/www.csiliz.sk\/wp-content\/uploads\/2024\/11\/432260538_122165386478028439_8988001755911237675_n_marc11.jpg\" \/>\n\t<meta property=\"og:image:width\" content=\"2048\" \/>\n\t<meta property=\"og:image:height\" content=\"1365\" \/>\n\t<meta property=\"og:image:type\" content=\"image\/jpeg\" \/>\n<meta name=\"author\" content=\"media@csiliz.sk\" \/>\n<meta name=\"twitter:card\" content=\"summary_large_image\" \/>\n<meta name=\"twitter:label1\" content=\"Szerz\u0151:\" \/>\n\t<meta name=\"twitter:data1\" content=\"media@csiliz.sk\" \/>\n\t<meta name=\"twitter:label2\" content=\"Becs\u00fclt olvas\u00e1si id\u0151\" \/>\n\t<meta name=\"twitter:data2\" content=\"1 perc\" \/>\n<script type=\"application\/ld+json\" class=\"yoast-schema-graph\">{\"@context\":\"https:\/\/schema.org\",\"@graph\":[{\"@type\":\"Article\",\"@id\":\"https:\/\/www.csiliz.sk\/?p=677#article\",\"isPartOf\":{\"@id\":\"https:\/\/www.csiliz.sk\/?p=677\"},\"author\":{\"name\":\"media@csiliz.sk\",\"@id\":\"https:\/\/www.csiliz.sk\/#\/schema\/person\/7f4cb343ebe3c0693046613acbbd9fab\"},\"headline\":\"Szombaton elkezd\u0151d\u00f6tt nemezel\u0151 tanfolyamunk\",\"datePublished\":\"2024-03-11T18:11:00+00:00\",\"dateModified\":\"2026-04-20T09:55:38+00:00\",\"mainEntityOfPage\":{\"@id\":\"https:\/\/www.csiliz.sk\/?p=677\"},\"wordCount\":63,\"commentCount\":0,\"publisher\":{\"@id\":\"https:\/\/www.csiliz.sk\/#organization\"},\"image\":{\"@id\":\"https:\/\/www.csiliz.sk\/?p=677#primaryimage\"},\"thumbnailUrl\":\"https:\/\/www.csiliz.sk\/wp-content\/uploads\/2024\/11\/432260538_122165386478028439_8988001755911237675_n_marc11.jpg\",\"keywords\":[\"Csiliz Menti N\u00e9pf\u0151iskola\",\"nemezel\u0151 tanfolyam\"],\"articleSection\":[\"Csiliz Menti M\u0171hely\",\"H\u00edrek\"],\"inLanguage\":\"hu\",\"potentialAction\":[{\"@type\":\"CommentAction\",\"name\":\"Comment\",\"target\":[\"https:\/\/www.csiliz.sk\/?p=677#respond\"]}]},{\"@type\":\"WebPage\",\"@id\":\"https:\/\/www.csiliz.sk\/?p=677\",\"url\":\"https:\/\/www.csiliz.sk\/?p=677\",\"name\":\"Szombaton elkezd\u0151d\u00f6tt nemezel\u0151 tanfolyamunk - Csiliz Menti N\u00e9pf\u0151iskola\",\"isPartOf\":{\"@id\":\"https:\/\/www.csiliz.sk\/#website\"},\"primaryImageOfPage\":{\"@id\":\"https:\/\/www.csiliz.sk\/?p=677#primaryimage\"},\"image\":{\"@id\":\"https:\/\/www.csiliz.sk\/?p=677#primaryimage\"},\"thumbnailUrl\":\"https:\/\/www.csiliz.sk\/wp-content\/uploads\/2024\/11\/432260538_122165386478028439_8988001755911237675_n_marc11.jpg\",\"datePublished\":\"2024-03-11T18:11:00+00:00\",\"dateModified\":\"2026-04-20T09:55:38+00:00\",\"breadcrumb\":{\"@id\":\"https:\/\/www.csiliz.sk\/?p=677#breadcrumb\"},\"inLanguage\":\"hu\",\"potentialAction\":[{\"@type\":\"ReadAction\",\"target\":[\"https:\/\/www.csiliz.sk\/?p=677\"]}]},{\"@type\":\"ImageObject\",\"inLanguage\":\"hu\",\"@id\":\"https:\/\/www.csiliz.sk\/?p=677#primaryimage\",\"url\":\"https:\/\/www.csiliz.sk\/wp-content\/uploads\/2024\/11\/432260538_122165386478028439_8988001755911237675_n_marc11.jpg\",\"contentUrl\":\"https:\/\/www.csiliz.sk\/wp-content\/uploads\/2024\/11\/432260538_122165386478028439_8988001755911237675_n_marc11.jpg\",\"width\":2048,\"height\":1365},{\"@type\":\"BreadcrumbList\",\"@id\":\"https:\/\/www.csiliz.sk\/?p=677#breadcrumb\",\"itemListElement\":[{\"@type\":\"ListItem\",\"position\":1,\"name\":\"Home\",\"item\":\"https:\/\/www.csiliz.sk\/\"},{\"@type\":\"ListItem\",\"position\":2,\"name\":\"Szombaton elkezd\u0151d\u00f6tt nemezel\u0151 tanfolyamunk\"}]},{\"@type\":\"WebSite\",\"@id\":\"https:\/\/www.csiliz.sk\/#website\",\"url\":\"https:\/\/www.csiliz.sk\/\",\"name\":\"Csiliz Menti N\u00e9pf\u0151iskola\",\"description\":\"\",\"publisher\":{\"@id\":\"https:\/\/www.csiliz.sk\/#organization\"},\"potentialAction\":[{\"@type\":\"SearchAction\",\"target\":{\"@type\":\"EntryPoint\",\"urlTemplate\":\"https:\/\/www.csiliz.sk\/?s={search_term_string}\"},\"query-input\":\"required name=search_term_string\"}],\"inLanguage\":\"hu\"},{\"@type\":\"Organization\",\"@id\":\"https:\/\/www.csiliz.sk\/#organization\",\"name\":\"Csiliz Menti N\u00e9pf\u0151iskola\",\"url\":\"https:\/\/www.csiliz.sk\/\",\"logo\":{\"@type\":\"ImageObject\",\"inLanguage\":\"hu\",\"@id\":\"https:\/\/www.csiliz.sk\/#\/schema\/logo\/image\/\",\"url\":\"https:\/\/www.csiliz.sk\/wp-content\/uploads\/2023\/05\/cropped-logo_szines.png\",\"contentUrl\":\"https:\/\/www.csiliz.sk\/wp-content\/uploads\/2023\/05\/cropped-logo_szines.png\",\"width\":719,\"height\":539,\"caption\":\"Csiliz Menti N\u00e9pf\u0151iskola\"},\"image\":{\"@id\":\"https:\/\/www.csiliz.sk\/#\/schema\/logo\/image\/\"}},{\"@type\":\"Person\",\"@id\":\"https:\/\/www.csiliz.sk\/#\/schema\/person\/7f4cb343ebe3c0693046613acbbd9fab\",\"name\":\"media@csiliz.sk\",\"image\":{\"@type\":\"ImageObject\",\"inLanguage\":\"hu\",\"@id\":\"https:\/\/www.csiliz.sk\/#\/schema\/person\/image\/\",\"url\":\"https:\/\/secure.gravatar.com\/avatar\/26459f18a66dc06977cf6491bfac041898567f0deb3c3f3d8de668ec20541ca7?s=96&d=mm&r=g\",\"contentUrl\":\"https:\/\/secure.gravatar.com\/avatar\/26459f18a66dc06977cf6491bfac041898567f0deb3c3f3d8de668ec20541ca7?s=96&d=mm&r=g\",\"caption\":\"media@csiliz.sk\"},\"url\":\"https:\/\/www.csiliz.sk\/?author=3\"}]}<\/script>\n<!-- \/ Yoast SEO plugin. -->","yoast_head_json":{"title":"Szombaton elkezd\u0151d\u00f6tt nemezel\u0151 tanfolyamunk - Csiliz Menti N\u00e9pf\u0151iskola","robots":{"index":"index","follow":"follow","max-snippet":"max-snippet:-1","max-image-preview":"max-image-preview:large","max-video-preview":"max-video-preview:-1"},"canonical":"https:\/\/www.csiliz.sk\/?p=677","og_locale":"hu_HU","og_type":"article","og_title":"Szombaton elkezd\u0151d\u00f6tt nemezel\u0151 tanfolyamunk - Csiliz Menti N\u00e9pf\u0151iskola","og_description":"Szombaton elkezd\u0151d\u00f6tt a Csiliz Menti N\u00e9pf\u0151iskola h\u00e1rom h\u00e9tv\u00e9gi alkalomb\u00f3l \u00e1ll\u00f3 nemezel\u0151tanfolyama M\u00e9hes Zsanett vezet\u00e9s\u00e9vel a N\u00e9pf\u0151iskola csilizpatasi m\u0171helyterm\u00e9ben. Tov\u00e1bbra is v\u00e1rjuk a jelentkez\u0151ket a fennmarad\u00f3 k\u00e9t alkalomra, regisztr\u00e1lni a kepzes@csiliz.sk e-mailc\u00edmen lehet. \/csmn\/","og_url":"https:\/\/www.csiliz.sk\/?p=677","og_site_name":"Csiliz Menti N\u00e9pf\u0151iskola","article_published_time":"2024-03-11T18:11:00+00:00","article_modified_time":"2026-04-20T09:55:38+00:00","og_image":[{"width":2048,"height":1365,"url":"https:\/\/www.csiliz.sk\/wp-content\/uploads\/2024\/11\/432260538_122165386478028439_8988001755911237675_n_marc11.jpg","type":"image\/jpeg"}],"author":"media@csiliz.sk","twitter_card":"summary_large_image","twitter_misc":{"Szerz\u0151:":"media@csiliz.sk","Becs\u00fclt olvas\u00e1si id\u0151":"1 perc"},"schema":{"@context":"https:\/\/schema.org","@graph":[{"@type":"Article","@id":"https:\/\/www.csiliz.sk\/?p=677#article","isPartOf":{"@id":"https:\/\/www.csiliz.sk\/?p=677"},"author":{"name":"media@csiliz.sk","@id":"https:\/\/www.csiliz.sk\/#\/schema\/person\/7f4cb343ebe3c0693046613acbbd9fab"},"headline":"Szombaton elkezd\u0151d\u00f6tt nemezel\u0151 tanfolyamunk","datePublished":"2024-03-11T18:11:00+00:00","dateModified":"2026-04-20T09:55:38+00:00","mainEntityOfPage":{"@id":"https:\/\/www.csiliz.sk\/?p=677"},"wordCount":63,"commentCount":0,"publisher":{"@id":"https:\/\/www.csiliz.sk\/#organization"},"image":{"@id":"https:\/\/www.csiliz.sk\/?p=677#primaryimage"},"thumbnailUrl":"https:\/\/www.csiliz.sk\/wp-content\/uploads\/2024\/11\/432260538_122165386478028439_8988001755911237675_n_marc11.jpg","keywords":["Csiliz Menti N\u00e9pf\u0151iskola","nemezel\u0151 tanfolyam"],"articleSection":["Csiliz Menti M\u0171hely","H\u00edrek"],"inLanguage":"hu","potentialAction":[{"@type":"CommentAction","name":"Comment","target":["https:\/\/www.csiliz.sk\/?p=677#respond"]}]},{"@type":"WebPage","@id":"https:\/\/www.csiliz.sk\/?p=677","url":"https:\/\/www.csiliz.sk\/?p=677","name":"Szombaton elkezd\u0151d\u00f6tt nemezel\u0151 tanfolyamunk - Csiliz Menti N\u00e9pf\u0151iskola","isPartOf":{"@id":"https:\/\/www.csiliz.sk\/#website"},"primaryImageOfPage":{"@id":"https:\/\/www.csiliz.sk\/?p=677#primaryimage"},"image":{"@id":"https:\/\/www.csiliz.sk\/?p=677#primaryimage"},"thumbnailUrl":"https:\/\/www.csiliz.sk\/wp-content\/uploads\/2024\/11\/432260538_122165386478028439_8988001755911237675_n_marc11.jpg","datePublished":"2024-03-11T18:11:00+00:00","dateModified":"2026-04-20T09:55:38+00:00","breadcrumb":{"@id":"https:\/\/www.csiliz.sk\/?p=677#breadcrumb"},"inLanguage":"hu","potentialAction":[{"@type":"ReadAction","target":["https:\/\/www.csiliz.sk\/?p=677"]}]},{"@type":"ImageObject","inLanguage":"hu","@id":"https:\/\/www.csiliz.sk\/?p=677#primaryimage","url":"https:\/\/www.csiliz.sk\/wp-content\/uploads\/2024\/11\/432260538_122165386478028439_8988001755911237675_n_marc11.jpg","contentUrl":"https:\/\/www.csiliz.sk\/wp-content\/uploads\/2024\/11\/432260538_122165386478028439_8988001755911237675_n_marc11.jpg","width":2048,"height":1365},{"@type":"BreadcrumbList","@id":"https:\/\/www.csiliz.sk\/?p=677#breadcrumb","itemListElement":[{"@type":"ListItem","position":1,"name":"Home","item":"https:\/\/www.csiliz.sk\/"},{"@type":"ListItem","position":2,"name":"Szombaton elkezd\u0151d\u00f6tt nemezel\u0151 tanfolyamunk"}]},{"@type":"WebSite","@id":"https:\/\/www.csiliz.sk\/#website","url":"https:\/\/www.csiliz.sk\/","name":"Csiliz Menti N\u00e9pf\u0151iskola","description":"","publisher":{"@id":"https:\/\/www.csiliz.sk\/#organization"},"potentialAction":[{"@type":"SearchAction","target":{"@type":"EntryPoint","urlTemplate":"https:\/\/www.csiliz.sk\/?s={search_term_string}"},"query-input":"required name=search_term_string"}],"inLanguage":"hu"},{"@type":"Organization","@id":"https:\/\/www.csiliz.sk\/#organization","name":"Csiliz Menti N\u00e9pf\u0151iskola","url":"https:\/\/www.csiliz.sk\/","logo":{"@type":"ImageObject","inLanguage":"hu","@id":"https:\/\/www.csiliz.sk\/#\/schema\/logo\/image\/","url":"https:\/\/www.csiliz.sk\/wp-content\/uploads\/2023\/05\/cropped-logo_szines.png","contentUrl":"https:\/\/www.csiliz.sk\/wp-content\/uploads\/2023\/05\/cropped-logo_szines.png","width":719,"height":539,"caption":"Csiliz Menti N\u00e9pf\u0151iskola"},"image":{"@id":"https:\/\/www.csiliz.sk\/#\/schema\/logo\/image\/"}},{"@type":"Person","@id":"https:\/\/www.csiliz.sk\/#\/schema\/person\/7f4cb343ebe3c0693046613acbbd9fab","name":"media@csiliz.sk","image":{"@type":"ImageObject","inLanguage":"hu","@id":"https:\/\/www.csiliz.sk\/#\/schema\/person\/image\/","url":"https:\/\/secure.gravatar.com\/avatar\/26459f18a66dc06977cf6491bfac041898567f0deb3c3f3d8de668ec20541ca7?s=96&d=mm&r=g","contentUrl":"https:\/\/secure.gravatar.com\/avatar\/26459f18a66dc06977cf6491bfac041898567f0deb3c3f3d8de668ec20541ca7?s=96&d=mm&r=g","caption":"media@csiliz.sk"},"url":"https:\/\/www.csiliz.sk\/?author=3"}]}},"_links":{"self":[{"href":"https:\/\/www.csiliz.sk\/index.php?rest_route=\/wp\/v2\/posts\/677","targetHints":{"allow":["GET"]}}],"collection":[{"href":"https:\/\/www.csiliz.sk\/index.php?rest_route=\/wp\/v2\/posts"}],"about":[{"href":"https:\/\/www.csiliz.sk\/index.php?rest_route=\/wp\/v2\/types\/post"}],"author":[{"embeddable":true,"href":"https:\/\/www.csiliz.sk\/index.php?rest_route=\/wp\/v2\/users\/3"}],"replies":[{"embeddable":true,"href":"https:\/\/www.csiliz.sk\/index.php?rest_route=%2Fwp%2Fv2%2Fcomments&post=677"}],"version-history":[{"count":10,"href":"https:\/\/www.csiliz.sk\/index.php?rest_route=\/wp\/v2\/posts\/677\/revisions"}],"predecessor-version":[{"id":689,"href":"https:\/\/www.csiliz.sk\/index.php?rest_route=\/wp\/v2\/posts\/677\/revisions\/689"}],"wp:featuredmedia":[{"embeddable":true,"href":"https:\/\/www.csiliz.sk\/index.php?rest_route=\/wp\/v2\/media\/678"}],"wp:attachment":[{"href":"https:\/\/www.csiliz.sk\/index.php?rest_route=%2Fwp%2Fv2%2Fmedia&parent=677"}],"wp:term":[{"taxonomy":"category","embeddable":true,"href":"https:\/\/www.csiliz.sk\/index.php?rest_route=%2Fwp%2Fv2%2Fcategories&post=677"},{"taxonomy":"post_tag","embeddable":true,"href":"https:\/\/www.csiliz.sk\/index.php?rest_route=%2Fwp%2Fv2%2Ftags&post=677"}],"curies":[{"name":"wp","href":"https:\/\/api.w.org\/{rel}","templated":true}]}}