{"id":620,"date":"2024-09-19T07:35:40","date_gmt":"2024-09-19T07:35:40","guid":{"rendered":"https:\/\/www.csiliz.sk\/?p=620"},"modified":"2026-04-20T09:53:01","modified_gmt":"2026-04-20T09:53:01","slug":"szombaton-ismet-az-oromfutase-a-foszerep-ezuttal-csilizradvanyon","status":"publish","type":"post","link":"https:\/\/www.csiliz.sk\/?p=620","title":{"rendered":"Szombaton ism\u00e9t az \u00f6r\u00f6mfut\u00e1s\u00e9 a f\u0151szerep &#8211; ez\u00fattal Csilizradv\u00e1nyon\u00a0\u00a0\u00a0\u00a0\u00a0\u00a0\u00a0\u00a0\u00a0\u00a0\u00a0\u00a0\u00a0\u00a0\u00a0\u00a0"},"content":{"rendered":"\t\t<div data-elementor-type=\"wp-post\" data-elementor-id=\"620\" class=\"elementor elementor-620\" data-elementor-post-type=\"post\">\n\t\t\t\t<div class=\"elementor-element elementor-element-371cd27 e-flex e-con-boxed e-con e-parent\" data-id=\"371cd27\" data-element_type=\"container\" data-core-v316-plus=\"true\">\n\t\t\t\t\t<div class=\"e-con-inner\">\n\t\t\t\t<div class=\"elementor-element elementor-element-d3851d8 elementor-widget elementor-widget-text-editor\" data-id=\"d3851d8\" data-element_type=\"widget\" data-widget_type=\"text-editor.default\">\n\t\t\t\t<div class=\"elementor-widget-container\">\n\t\t\t<style>\/*! elementor - v3.20.0 - 26-03-2024 *\/\n.elementor-widget-text-editor.elementor-drop-cap-view-stacked .elementor-drop-cap{background-color:#69727d;color:#fff}.elementor-widget-text-editor.elementor-drop-cap-view-framed .elementor-drop-cap{color:#69727d;border:3px solid;background-color:transparent}.elementor-widget-text-editor:not(.elementor-drop-cap-view-default) .elementor-drop-cap{margin-top:8px}.elementor-widget-text-editor:not(.elementor-drop-cap-view-default) .elementor-drop-cap-letter{width:1em;height:1em}.elementor-widget-text-editor .elementor-drop-cap{float:left;text-align:center;line-height:1;font-size:50px}.elementor-widget-text-editor .elementor-drop-cap-letter{display:inline-block}<\/style>\t\t\t\t<p><strong>Szeptember 21-\u00e9n a Csiliz Menti N\u00e9pf\u0151iskola \u00e9s Csilizradv\u00e1ny k\u00f6zs\u00e9g szervez\u00e9s\u00e9ben ker\u00fcl sor az I. Csiliz Menti L\u00e1ngfut\u00e1s harmadik \u00f6r\u00f6mfut\u00e1s\u00e1ra.<\/strong><\/p><p>Medve \u00e9s Csics\u00f3 ut\u00e1n Csilizradv\u00e1nyra is meg\u00e9rkezik a l\u00e1ng, szombaton rem\u00e9lhet\u0151leg kellemes \u0151szi id\u0151j\u00e1r\u00e1s mellett v\u00e1ghatnak neki a fut\u00f3k a h\u00e1rom kijel\u00f6lt t\u00e1v egyik\u00e9nek. Az \u00e9rdekl\u0151d\u0151k a Nagy-t\u00f3 k\u00f6r (1,5 km), a Kisradv\u00e1ny k\u00f6r (3 km) \u00e9s a Balonyi k\u00f6r (6 km) k\u00f6z\u00fcl v\u00e1laszthatnak.<\/p><p>Ahogy mindig, most is lehet\u0151s\u00e9g van a fut\u00f3k babakocsis, ker\u00e9kp\u00e1ros, gyalogos, rolleres k\u00eds\u00e9ret\u00e9re.<\/p><p>Az l\u00e1ngfut\u00e1s egyfajta \u00f6r\u00f6mfut\u00e1s, amelynek c\u00e9lja a k\u00f6z\u00f6sen elt\u00f6lt\u00f6tt id\u0151, az eg\u00e9szs\u00e9ges \u00e9letm\u00f3d propag\u00e1l\u00e1sa, a k\u00f6z\u00f6s sz\u00f3rakoz\u00e1s \u00e9s mozg\u00e1s. Ebb\u0151l ad\u00f3d\u00f3an a l\u00e1ngfut\u00e1s sor\u00e1n a szervez\u0151k id\u0151t nem m\u00e9rnek, eredm\u00e9nyt nem hirdetnek, helyezetteket nem d\u00edjaznak. Viszont minden befut\u00f3 egyedi \u00e9rmet kap.<\/p><p>A l\u00e1ngfut\u00e1s egyes \u00e1llom\u00e1sain kapott \u00e9rmekb\u0151l \u00e9v v\u00e9g\u00e9n egy l\u00e1ngcs\u00f3va forma rakhat\u00f3 \u00f6ssze.<\/p><p>A csilizradv\u00e1nyi l\u00e1ngfut\u00e1son a szervez\u0151k nem hat\u00e1roztak meg nevez\u00e9si d\u00edjat, helyette becs\u00fcletkassza v\u00e1rja az indul\u00f3kat, \u00edgy a nevez\u00e9si d\u00edjat mindenki egy\u00e9nileg hat\u00e1rozza meg.<\/p><p>A rendezv\u00e9ny k\u00fcl\u00f6nlegess\u00e9ge, hogy a fut\u00e1s ideje alatt a csilizradv\u00e1nyi \u00e9s a szapi v\u00f6r\u00f6skereszt, valamint az Union eg\u00e9szs\u00e9gbiztos\u00edt\u00f3 csapata ingyenes m\u00e9r\u00e9seket v\u00e9gez (hemoglobin, h\u00fagysav, koleszterin, v\u00e9rcukorszint), valamint \u00e1ltal\u00e1nos eg\u00e9szs\u00e9g\u00fcgyi, \u00fajra\u00e9leszt\u00e9si bemutat\u00f3t \u00e9s tan\u00e1csad\u00e1st tart.<\/p><p><em><strong>A verseny id\u0151pontja:<\/strong> 2024. szeptember 21., szombat, 10:00-kor rajtol a Nagy-t\u00f3 k\u00f6r, 10:15-kor a t\u00f6bbi t\u00e1v<\/em><\/p><p><em><strong>Helysz\u00edn:<\/strong> a csilizradv\u00e1nyi sportp\u00e1lya melletti t\u00e9r<\/em><\/p><p><em><strong>Nevez\u00e9s:<\/strong> A versenyre online \u00e9s a helysz\u00ednen is lehet nevezni, a rajtsz\u00e1mokat 9:50-ig lehet \u00e1tvenni<\/em><\/p><p><em><strong>Nevez\u00e9si d\u00edj:<\/strong> becs\u00fcletkassza; A nevez\u00e9si d\u00edj kiz\u00e1r\u00f3lag a szervez\u00e9si k\u00f6lts\u00e9geket tartalmazza<\/em><\/p><p>A fut\u00f3kat friss\u00edt\u0151vel \u00e9s finom guly\u00e1ssal vagy virslivel v\u00e1rj\u00e1k a szervez\u0151k a verseny v\u00e9g\u00e9n.<\/p><p><em><span style=\"text-decoration: underline;\"><strong>Sajt\u00f3h\u00edr\/Csiliz Menti N\u00e9pf\u0151iskola<\/strong><\/span><\/em><\/p>\t\t\t\t\t\t<\/div>\n\t\t\t\t<\/div>\n\t\t\t\t\t<\/div>\n\t\t\t\t<\/div>\n\t\t<div class=\"elementor-element elementor-element-b57b9dc e-flex e-con-boxed e-con e-parent\" data-id=\"b57b9dc\" data-element_type=\"container\" data-core-v316-plus=\"true\">\n\t\t\t\t\t<div class=\"e-con-inner\">\n\t\t\t\t<div class=\"elementor-element elementor-element-39cf7a7 elementor-widget elementor-widget-facebook-embed\" data-id=\"39cf7a7\" data-element_type=\"widget\" data-widget_type=\"facebook-embed.default\">\n\t\t\t\t<div class=\"elementor-widget-container\">\n\t\t\t<style>\/*! elementor-pro - v3.20.0 - 26-03-2024 *\/\n.elementor-facebook-widget.fb_iframe_widget,.elementor-facebook-widget.fb_iframe_widget span{width:100%!important}.elementor-facebook-widget.fb_iframe_widget iframe{position:relative;width:100%!important}.elementor-facebook-widget.fb-like{height:1px}.elementor-widget-facebook-comments iframe{width:100%!important}<\/style><div style=\"min-height: 1px\" class=\"elementor-facebook-widget fb-post\" data-href=\"https:\/\/www.facebook.com\/events\/482091304620070\" data-show-text=\"false\"><\/div>\t\t<\/div>\n\t\t\t\t<\/div>\n\t\t\t\t\t<\/div>\n\t\t\t\t<\/div>\n\t\t<div class=\"elementor-element elementor-element-6625358 e-flex e-con-boxed e-con e-parent\" data-id=\"6625358\" data-element_type=\"container\" data-core-v316-plus=\"true\">\n\t\t\t\t\t<div class=\"e-con-inner\">\n\t\t\t\t<div class=\"elementor-element elementor-element-6754a8a elementor-widget elementor-widget-image\" data-id=\"6754a8a\" data-element_type=\"widget\" data-widget_type=\"image.default\">\n\t\t\t\t<div class=\"elementor-widget-container\">\n\t\t\t<style>\/*! elementor - v3.20.0 - 26-03-2024 *\/\n.elementor-widget-image{text-align:center}.elementor-widget-image a{display:inline-block}.elementor-widget-image a img[src$=\".svg\"]{width:48px}.elementor-widget-image img{vertical-align:middle;display:inline-block}<\/style>\t\t\t\t\t\t\t\t\t\t<img fetchpriority=\"high\" decoding=\"async\" width=\"580\" height=\"304\" src=\"https:\/\/www.csiliz.sk\/wp-content\/uploads\/2024\/09\/457060408_122202873356028439_5218583652855868269_n-1-768x402.jpg\" class=\"attachment-medium_large size-medium_large wp-image-645\" alt=\"\" srcset=\"https:\/\/www.csiliz.sk\/wp-content\/uploads\/2024\/09\/457060408_122202873356028439_5218583652855868269_n-1-768x402.jpg 768w, https:\/\/www.csiliz.sk\/wp-content\/uploads\/2024\/09\/457060408_122202873356028439_5218583652855868269_n-1-300x157.jpg 300w, https:\/\/www.csiliz.sk\/wp-content\/uploads\/2024\/09\/457060408_122202873356028439_5218583652855868269_n-1-1024x536.jpg 1024w, https:\/\/www.csiliz.sk\/wp-content\/uploads\/2024\/09\/457060408_122202873356028439_5218583652855868269_n-1-1536x804.jpg 1536w, https:\/\/www.csiliz.sk\/wp-content\/uploads\/2024\/09\/457060408_122202873356028439_5218583652855868269_n-1-1200x628.jpg 1200w, https:\/\/www.csiliz.sk\/wp-content\/uploads\/2024\/09\/457060408_122202873356028439_5218583652855868269_n-1-1980x1036.jpg 1980w, https:\/\/www.csiliz.sk\/wp-content\/uploads\/2024\/09\/457060408_122202873356028439_5218583652855868269_n-1.jpg 2048w\" sizes=\"(max-width: 580px) 100vw, 580px\" \/>\t\t\t\t\t\t\t\t\t\t\t\t\t<\/div>\n\t\t\t\t<\/div>\n\t\t\t\t\t<\/div>\n\t\t\t\t<\/div>\n\t\t<div class=\"elementor-element elementor-element-6c195ff e-flex e-con-boxed e-con e-parent\" data-id=\"6c195ff\" data-element_type=\"container\" data-core-v316-plus=\"true\">\n\t\t\t\t\t<div class=\"e-con-inner\">\n\t\t\t\t<div class=\"elementor-element elementor-element-592e8b5 elementor-widget elementor-widget-image\" data-id=\"592e8b5\" data-element_type=\"widget\" data-widget_type=\"image.default\">\n\t\t\t\t<div class=\"elementor-widget-container\">\n\t\t\t\t\t\t\t\t\t\t\t\t\t<img decoding=\"async\" width=\"580\" height=\"843\" src=\"https:\/\/www.csiliz.sk\/wp-content\/uploads\/2024\/09\/csiliz.-1.jpg\" class=\"attachment-large size-large wp-image-646\" alt=\"\" srcset=\"https:\/\/www.csiliz.sk\/wp-content\/uploads\/2024\/09\/csiliz.-1.jpg 640w, https:\/\/www.csiliz.sk\/wp-content\/uploads\/2024\/09\/csiliz.-1-206x300.jpg 206w\" sizes=\"(max-width: 580px) 100vw, 580px\" \/>\t\t\t\t\t\t\t\t\t\t\t\t\t<\/div>\n\t\t\t\t<\/div>\n\t\t\t\t\t<\/div>\n\t\t\t\t<\/div>\n\t\t\t\t<\/div>\n\t\t","protected":false},"excerpt":{"rendered":"<p>Szeptember 21-\u00e9n a Csiliz Menti N\u00e9pf\u0151iskola \u00e9s Csilizradv\u00e1ny k\u00f6zs\u00e9g szervez\u00e9s\u00e9ben ker\u00fcl sor az I. Csiliz Menti L\u00e1ngfut\u00e1s harmadik \u00f6r\u00f6mfut\u00e1s\u00e1ra. Medve \u00e9s Csics\u00f3 ut\u00e1n Csilizradv\u00e1nyra is meg\u00e9rkezik a l\u00e1ng, szombaton rem\u00e9lhet\u0151leg kellemes \u0151szi id\u0151j\u00e1r\u00e1s mellett v\u00e1ghatnak neki a fut\u00f3k a h\u00e1rom kijel\u00f6lt t\u00e1v egyik\u00e9nek. Az \u00e9rdekl\u0151d\u0151k a Nagy-t\u00f3 k\u00f6r (1,5 km), a Kisradv\u00e1ny k\u00f6r (3 km) [&hellip;]<\/p>\n","protected":false},"author":3,"featured_media":543,"comment_status":"open","ping_status":"open","sticky":false,"template":"","format":"standard","meta":{"_monsterinsights_skip_tracking":false,"_monsterinsights_sitenote_active":false,"_monsterinsights_sitenote_note":"","_monsterinsights_sitenote_category":0,"footnotes":""},"categories":[5,62],"tags":[19,22,16,29,30,15,31,28,20],"class_list":["post-620","post","type-post","status-publish","format-standard","has-post-thumbnail","hentry","category-hirek","category-mozdulj-csiliz-mente","tag-buchinger-peter","tag-csiliz-menti-nepfoiskola","tag-csilizmente","tag-csilizradvany","tag-eletmod","tag-langfutas","tag-regio","tag-sajtohir","tag-sport"],"yoast_head":"<!-- This site is optimized with the Yoast SEO plugin v22.3 - https:\/\/yoast.com\/wordpress\/plugins\/seo\/ -->\n<title>Szombaton ism\u00e9t az \u00f6r\u00f6mfut\u00e1s\u00e9 a f\u0151szerep - ez\u00fattal Csilizradv\u00e1nyon\u00a0\u00a0\u00a0\u00a0\u00a0\u00a0\u00a0\u00a0\u00a0\u00a0\u00a0\u00a0\u00a0\u00a0\u00a0\u00a0 - Csiliz Menti N\u00e9pf\u0151iskola<\/title>\n<meta name=\"robots\" content=\"index, follow, max-snippet:-1, max-image-preview:large, max-video-preview:-1\" \/>\n<link rel=\"canonical\" href=\"https:\/\/www.csiliz.sk\/?p=620\" \/>\n<meta property=\"og:locale\" content=\"hu_HU\" \/>\n<meta property=\"og:type\" content=\"article\" \/>\n<meta property=\"og:title\" content=\"Szombaton ism\u00e9t az \u00f6r\u00f6mfut\u00e1s\u00e9 a f\u0151szerep - ez\u00fattal Csilizradv\u00e1nyon\u00a0\u00a0\u00a0\u00a0\u00a0\u00a0\u00a0\u00a0\u00a0\u00a0\u00a0\u00a0\u00a0\u00a0\u00a0\u00a0 - Csiliz Menti N\u00e9pf\u0151iskola\" \/>\n<meta property=\"og:description\" content=\"Szeptember 21-\u00e9n a Csiliz Menti N\u00e9pf\u0151iskola \u00e9s Csilizradv\u00e1ny k\u00f6zs\u00e9g szervez\u00e9s\u00e9ben ker\u00fcl sor az I. Csiliz Menti L\u00e1ngfut\u00e1s harmadik \u00f6r\u00f6mfut\u00e1s\u00e1ra. Medve \u00e9s Csics\u00f3 ut\u00e1n Csilizradv\u00e1nyra is meg\u00e9rkezik a l\u00e1ng, szombaton rem\u00e9lhet\u0151leg kellemes \u0151szi id\u0151j\u00e1r\u00e1s mellett v\u00e1ghatnak neki a fut\u00f3k a h\u00e1rom kijel\u00f6lt t\u00e1v egyik\u00e9nek. Az \u00e9rdekl\u0151d\u0151k a Nagy-t\u00f3 k\u00f6r (1,5 km), a Kisradv\u00e1ny k\u00f6r (3 km) [&hellip;]\" \/>\n<meta property=\"og:url\" content=\"https:\/\/www.csiliz.sk\/?p=620\" \/>\n<meta property=\"og:site_name\" content=\"Csiliz Menti N\u00e9pf\u0151iskola\" \/>\n<meta property=\"article:published_time\" content=\"2024-09-19T07:35:40+00:00\" \/>\n<meta property=\"article:modified_time\" content=\"2026-04-20T09:53:01+00:00\" \/>\n<meta property=\"og:image\" content=\"https:\/\/www.csiliz.sk\/wp-content\/uploads\/2024\/06\/091c8a1d-4528-4254-bf60-7f2fc22029c3-scaled.jpg\" \/>\n\t<meta property=\"og:image:width\" content=\"2560\" \/>\n\t<meta property=\"og:image:height\" content=\"1707\" \/>\n\t<meta property=\"og:image:type\" content=\"image\/jpeg\" \/>\n<meta name=\"author\" content=\"media@csiliz.sk\" \/>\n<meta name=\"twitter:card\" content=\"summary_large_image\" \/>\n<meta name=\"twitter:label1\" content=\"Szerz\u0151:\" \/>\n\t<meta name=\"twitter:data1\" content=\"media@csiliz.sk\" \/>\n\t<meta name=\"twitter:label2\" content=\"Becs\u00fclt olvas\u00e1si id\u0151\" \/>\n\t<meta name=\"twitter:data2\" content=\"2 perc\" \/>\n<script type=\"application\/ld+json\" class=\"yoast-schema-graph\">{\"@context\":\"https:\/\/schema.org\",\"@graph\":[{\"@type\":\"Article\",\"@id\":\"https:\/\/www.csiliz.sk\/?p=620#article\",\"isPartOf\":{\"@id\":\"https:\/\/www.csiliz.sk\/?p=620\"},\"author\":{\"name\":\"media@csiliz.sk\",\"@id\":\"https:\/\/www.csiliz.sk\/#\/schema\/person\/7f4cb343ebe3c0693046613acbbd9fab\"},\"headline\":\"Szombaton ism\u00e9t az \u00f6r\u00f6mfut\u00e1s\u00e9 a f\u0151szerep &#8211; ez\u00fattal Csilizradv\u00e1nyon\u00a0\u00a0\u00a0\u00a0\u00a0\u00a0\u00a0\u00a0\u00a0\u00a0\u00a0\u00a0\u00a0\u00a0\u00a0\u00a0\",\"datePublished\":\"2024-09-19T07:35:40+00:00\",\"dateModified\":\"2026-04-20T09:53:01+00:00\",\"mainEntityOfPage\":{\"@id\":\"https:\/\/www.csiliz.sk\/?p=620\"},\"wordCount\":420,\"commentCount\":0,\"publisher\":{\"@id\":\"https:\/\/www.csiliz.sk\/#organization\"},\"image\":{\"@id\":\"https:\/\/www.csiliz.sk\/?p=620#primaryimage\"},\"thumbnailUrl\":\"https:\/\/www.csiliz.sk\/wp-content\/uploads\/2024\/06\/091c8a1d-4528-4254-bf60-7f2fc22029c3-scaled.jpg\",\"keywords\":[\"Buchinger P\u00e9ter\",\"Csiliz Menti N\u00e9pf\u0151iskola\",\"Csilizmente\",\"Csilizradv\u00e1ny\",\"\u00e9letm\u00f3d\",\"l\u00e1ngfut\u00e1s\",\"r\u00e9gi\u00f3\",\"sajt\u00f3h\u00edr\",\"sport\"],\"articleSection\":[\"H\u00edrek\",\"Mozdulj Csiliz Mente\"],\"inLanguage\":\"hu\",\"potentialAction\":[{\"@type\":\"CommentAction\",\"name\":\"Comment\",\"target\":[\"https:\/\/www.csiliz.sk\/?p=620#respond\"]}]},{\"@type\":\"WebPage\",\"@id\":\"https:\/\/www.csiliz.sk\/?p=620\",\"url\":\"https:\/\/www.csiliz.sk\/?p=620\",\"name\":\"Szombaton ism\u00e9t az \u00f6r\u00f6mfut\u00e1s\u00e9 a f\u0151szerep - ez\u00fattal Csilizradv\u00e1nyon\u00a0\u00a0\u00a0\u00a0\u00a0\u00a0\u00a0\u00a0\u00a0\u00a0\u00a0\u00a0\u00a0\u00a0\u00a0\u00a0 - Csiliz Menti N\u00e9pf\u0151iskola\",\"isPartOf\":{\"@id\":\"https:\/\/www.csiliz.sk\/#website\"},\"primaryImageOfPage\":{\"@id\":\"https:\/\/www.csiliz.sk\/?p=620#primaryimage\"},\"image\":{\"@id\":\"https:\/\/www.csiliz.sk\/?p=620#primaryimage\"},\"thumbnailUrl\":\"https:\/\/www.csiliz.sk\/wp-content\/uploads\/2024\/06\/091c8a1d-4528-4254-bf60-7f2fc22029c3-scaled.jpg\",\"datePublished\":\"2024-09-19T07:35:40+00:00\",\"dateModified\":\"2026-04-20T09:53:01+00:00\",\"breadcrumb\":{\"@id\":\"https:\/\/www.csiliz.sk\/?p=620#breadcrumb\"},\"inLanguage\":\"hu\",\"potentialAction\":[{\"@type\":\"ReadAction\",\"target\":[\"https:\/\/www.csiliz.sk\/?p=620\"]}]},{\"@type\":\"ImageObject\",\"inLanguage\":\"hu\",\"@id\":\"https:\/\/www.csiliz.sk\/?p=620#primaryimage\",\"url\":\"https:\/\/www.csiliz.sk\/wp-content\/uploads\/2024\/06\/091c8a1d-4528-4254-bf60-7f2fc22029c3-scaled.jpg\",\"contentUrl\":\"https:\/\/www.csiliz.sk\/wp-content\/uploads\/2024\/06\/091c8a1d-4528-4254-bf60-7f2fc22029c3-scaled.jpg\",\"width\":2560,\"height\":1707},{\"@type\":\"BreadcrumbList\",\"@id\":\"https:\/\/www.csiliz.sk\/?p=620#breadcrumb\",\"itemListElement\":[{\"@type\":\"ListItem\",\"position\":1,\"name\":\"Home\",\"item\":\"https:\/\/www.csiliz.sk\/\"},{\"@type\":\"ListItem\",\"position\":2,\"name\":\"Szombaton ism\u00e9t az \u00f6r\u00f6mfut\u00e1s\u00e9 a f\u0151szerep &#8211; ez\u00fattal Csilizradv\u00e1nyon\u00a0\u00a0\u00a0\u00a0\u00a0\u00a0\u00a0\u00a0\u00a0\u00a0\u00a0\u00a0\u00a0\u00a0\u00a0\u00a0\"}]},{\"@type\":\"WebSite\",\"@id\":\"https:\/\/www.csiliz.sk\/#website\",\"url\":\"https:\/\/www.csiliz.sk\/\",\"name\":\"Csiliz Menti N\u00e9pf\u0151iskola\",\"description\":\"\",\"publisher\":{\"@id\":\"https:\/\/www.csiliz.sk\/#organization\"},\"potentialAction\":[{\"@type\":\"SearchAction\",\"target\":{\"@type\":\"EntryPoint\",\"urlTemplate\":\"https:\/\/www.csiliz.sk\/?s={search_term_string}\"},\"query-input\":\"required name=search_term_string\"}],\"inLanguage\":\"hu\"},{\"@type\":\"Organization\",\"@id\":\"https:\/\/www.csiliz.sk\/#organization\",\"name\":\"Csiliz Menti N\u00e9pf\u0151iskola\",\"url\":\"https:\/\/www.csiliz.sk\/\",\"logo\":{\"@type\":\"ImageObject\",\"inLanguage\":\"hu\",\"@id\":\"https:\/\/www.csiliz.sk\/#\/schema\/logo\/image\/\",\"url\":\"https:\/\/www.csiliz.sk\/wp-content\/uploads\/2023\/05\/cropped-logo_szines.png\",\"contentUrl\":\"https:\/\/www.csiliz.sk\/wp-content\/uploads\/2023\/05\/cropped-logo_szines.png\",\"width\":719,\"height\":539,\"caption\":\"Csiliz Menti N\u00e9pf\u0151iskola\"},\"image\":{\"@id\":\"https:\/\/www.csiliz.sk\/#\/schema\/logo\/image\/\"}},{\"@type\":\"Person\",\"@id\":\"https:\/\/www.csiliz.sk\/#\/schema\/person\/7f4cb343ebe3c0693046613acbbd9fab\",\"name\":\"media@csiliz.sk\",\"image\":{\"@type\":\"ImageObject\",\"inLanguage\":\"hu\",\"@id\":\"https:\/\/www.csiliz.sk\/#\/schema\/person\/image\/\",\"url\":\"https:\/\/secure.gravatar.com\/avatar\/26459f18a66dc06977cf6491bfac041898567f0deb3c3f3d8de668ec20541ca7?s=96&d=mm&r=g\",\"contentUrl\":\"https:\/\/secure.gravatar.com\/avatar\/26459f18a66dc06977cf6491bfac041898567f0deb3c3f3d8de668ec20541ca7?s=96&d=mm&r=g\",\"caption\":\"media@csiliz.sk\"},\"url\":\"https:\/\/www.csiliz.sk\/?author=3\"}]}<\/script>\n<!-- \/ Yoast SEO plugin. -->","yoast_head_json":{"title":"Szombaton ism\u00e9t az \u00f6r\u00f6mfut\u00e1s\u00e9 a f\u0151szerep - ez\u00fattal Csilizradv\u00e1nyon\u00a0\u00a0\u00a0\u00a0\u00a0\u00a0\u00a0\u00a0\u00a0\u00a0\u00a0\u00a0\u00a0\u00a0\u00a0\u00a0 - Csiliz Menti N\u00e9pf\u0151iskola","robots":{"index":"index","follow":"follow","max-snippet":"max-snippet:-1","max-image-preview":"max-image-preview:large","max-video-preview":"max-video-preview:-1"},"canonical":"https:\/\/www.csiliz.sk\/?p=620","og_locale":"hu_HU","og_type":"article","og_title":"Szombaton ism\u00e9t az \u00f6r\u00f6mfut\u00e1s\u00e9 a f\u0151szerep - ez\u00fattal Csilizradv\u00e1nyon\u00a0\u00a0\u00a0\u00a0\u00a0\u00a0\u00a0\u00a0\u00a0\u00a0\u00a0\u00a0\u00a0\u00a0\u00a0\u00a0 - Csiliz Menti N\u00e9pf\u0151iskola","og_description":"Szeptember 21-\u00e9n a Csiliz Menti N\u00e9pf\u0151iskola \u00e9s Csilizradv\u00e1ny k\u00f6zs\u00e9g szervez\u00e9s\u00e9ben ker\u00fcl sor az I. Csiliz Menti L\u00e1ngfut\u00e1s harmadik \u00f6r\u00f6mfut\u00e1s\u00e1ra. Medve \u00e9s Csics\u00f3 ut\u00e1n Csilizradv\u00e1nyra is meg\u00e9rkezik a l\u00e1ng, szombaton rem\u00e9lhet\u0151leg kellemes \u0151szi id\u0151j\u00e1r\u00e1s mellett v\u00e1ghatnak neki a fut\u00f3k a h\u00e1rom kijel\u00f6lt t\u00e1v egyik\u00e9nek. Az \u00e9rdekl\u0151d\u0151k a Nagy-t\u00f3 k\u00f6r (1,5 km), a Kisradv\u00e1ny k\u00f6r (3 km) [&hellip;]","og_url":"https:\/\/www.csiliz.sk\/?p=620","og_site_name":"Csiliz Menti N\u00e9pf\u0151iskola","article_published_time":"2024-09-19T07:35:40+00:00","article_modified_time":"2026-04-20T09:53:01+00:00","og_image":[{"width":2560,"height":1707,"url":"https:\/\/www.csiliz.sk\/wp-content\/uploads\/2024\/06\/091c8a1d-4528-4254-bf60-7f2fc22029c3-scaled.jpg","type":"image\/jpeg"}],"author":"media@csiliz.sk","twitter_card":"summary_large_image","twitter_misc":{"Szerz\u0151:":"media@csiliz.sk","Becs\u00fclt olvas\u00e1si id\u0151":"2 perc"},"schema":{"@context":"https:\/\/schema.org","@graph":[{"@type":"Article","@id":"https:\/\/www.csiliz.sk\/?p=620#article","isPartOf":{"@id":"https:\/\/www.csiliz.sk\/?p=620"},"author":{"name":"media@csiliz.sk","@id":"https:\/\/www.csiliz.sk\/#\/schema\/person\/7f4cb343ebe3c0693046613acbbd9fab"},"headline":"Szombaton ism\u00e9t az \u00f6r\u00f6mfut\u00e1s\u00e9 a f\u0151szerep &#8211; ez\u00fattal Csilizradv\u00e1nyon\u00a0\u00a0\u00a0\u00a0\u00a0\u00a0\u00a0\u00a0\u00a0\u00a0\u00a0\u00a0\u00a0\u00a0\u00a0\u00a0","datePublished":"2024-09-19T07:35:40+00:00","dateModified":"2026-04-20T09:53:01+00:00","mainEntityOfPage":{"@id":"https:\/\/www.csiliz.sk\/?p=620"},"wordCount":420,"commentCount":0,"publisher":{"@id":"https:\/\/www.csiliz.sk\/#organization"},"image":{"@id":"https:\/\/www.csiliz.sk\/?p=620#primaryimage"},"thumbnailUrl":"https:\/\/www.csiliz.sk\/wp-content\/uploads\/2024\/06\/091c8a1d-4528-4254-bf60-7f2fc22029c3-scaled.jpg","keywords":["Buchinger P\u00e9ter","Csiliz Menti N\u00e9pf\u0151iskola","Csilizmente","Csilizradv\u00e1ny","\u00e9letm\u00f3d","l\u00e1ngfut\u00e1s","r\u00e9gi\u00f3","sajt\u00f3h\u00edr","sport"],"articleSection":["H\u00edrek","Mozdulj Csiliz Mente"],"inLanguage":"hu","potentialAction":[{"@type":"CommentAction","name":"Comment","target":["https:\/\/www.csiliz.sk\/?p=620#respond"]}]},{"@type":"WebPage","@id":"https:\/\/www.csiliz.sk\/?p=620","url":"https:\/\/www.csiliz.sk\/?p=620","name":"Szombaton ism\u00e9t az \u00f6r\u00f6mfut\u00e1s\u00e9 a f\u0151szerep - ez\u00fattal Csilizradv\u00e1nyon\u00a0\u00a0\u00a0\u00a0\u00a0\u00a0\u00a0\u00a0\u00a0\u00a0\u00a0\u00a0\u00a0\u00a0\u00a0\u00a0 - Csiliz Menti N\u00e9pf\u0151iskola","isPartOf":{"@id":"https:\/\/www.csiliz.sk\/#website"},"primaryImageOfPage":{"@id":"https:\/\/www.csiliz.sk\/?p=620#primaryimage"},"image":{"@id":"https:\/\/www.csiliz.sk\/?p=620#primaryimage"},"thumbnailUrl":"https:\/\/www.csiliz.sk\/wp-content\/uploads\/2024\/06\/091c8a1d-4528-4254-bf60-7f2fc22029c3-scaled.jpg","datePublished":"2024-09-19T07:35:40+00:00","dateModified":"2026-04-20T09:53:01+00:00","breadcrumb":{"@id":"https:\/\/www.csiliz.sk\/?p=620#breadcrumb"},"inLanguage":"hu","potentialAction":[{"@type":"ReadAction","target":["https:\/\/www.csiliz.sk\/?p=620"]}]},{"@type":"ImageObject","inLanguage":"hu","@id":"https:\/\/www.csiliz.sk\/?p=620#primaryimage","url":"https:\/\/www.csiliz.sk\/wp-content\/uploads\/2024\/06\/091c8a1d-4528-4254-bf60-7f2fc22029c3-scaled.jpg","contentUrl":"https:\/\/www.csiliz.sk\/wp-content\/uploads\/2024\/06\/091c8a1d-4528-4254-bf60-7f2fc22029c3-scaled.jpg","width":2560,"height":1707},{"@type":"BreadcrumbList","@id":"https:\/\/www.csiliz.sk\/?p=620#breadcrumb","itemListElement":[{"@type":"ListItem","position":1,"name":"Home","item":"https:\/\/www.csiliz.sk\/"},{"@type":"ListItem","position":2,"name":"Szombaton ism\u00e9t az \u00f6r\u00f6mfut\u00e1s\u00e9 a f\u0151szerep &#8211; ez\u00fattal Csilizradv\u00e1nyon\u00a0\u00a0\u00a0\u00a0\u00a0\u00a0\u00a0\u00a0\u00a0\u00a0\u00a0\u00a0\u00a0\u00a0\u00a0\u00a0"}]},{"@type":"WebSite","@id":"https:\/\/www.csiliz.sk\/#website","url":"https:\/\/www.csiliz.sk\/","name":"Csiliz Menti N\u00e9pf\u0151iskola","description":"","publisher":{"@id":"https:\/\/www.csiliz.sk\/#organization"},"potentialAction":[{"@type":"SearchAction","target":{"@type":"EntryPoint","urlTemplate":"https:\/\/www.csiliz.sk\/?s={search_term_string}"},"query-input":"required name=search_term_string"}],"inLanguage":"hu"},{"@type":"Organization","@id":"https:\/\/www.csiliz.sk\/#organization","name":"Csiliz Menti N\u00e9pf\u0151iskola","url":"https:\/\/www.csiliz.sk\/","logo":{"@type":"ImageObject","inLanguage":"hu","@id":"https:\/\/www.csiliz.sk\/#\/schema\/logo\/image\/","url":"https:\/\/www.csiliz.sk\/wp-content\/uploads\/2023\/05\/cropped-logo_szines.png","contentUrl":"https:\/\/www.csiliz.sk\/wp-content\/uploads\/2023\/05\/cropped-logo_szines.png","width":719,"height":539,"caption":"Csiliz Menti N\u00e9pf\u0151iskola"},"image":{"@id":"https:\/\/www.csiliz.sk\/#\/schema\/logo\/image\/"}},{"@type":"Person","@id":"https:\/\/www.csiliz.sk\/#\/schema\/person\/7f4cb343ebe3c0693046613acbbd9fab","name":"media@csiliz.sk","image":{"@type":"ImageObject","inLanguage":"hu","@id":"https:\/\/www.csiliz.sk\/#\/schema\/person\/image\/","url":"https:\/\/secure.gravatar.com\/avatar\/26459f18a66dc06977cf6491bfac041898567f0deb3c3f3d8de668ec20541ca7?s=96&d=mm&r=g","contentUrl":"https:\/\/secure.gravatar.com\/avatar\/26459f18a66dc06977cf6491bfac041898567f0deb3c3f3d8de668ec20541ca7?s=96&d=mm&r=g","caption":"media@csiliz.sk"},"url":"https:\/\/www.csiliz.sk\/?author=3"}]}},"_links":{"self":[{"href":"https:\/\/www.csiliz.sk\/index.php?rest_route=\/wp\/v2\/posts\/620","targetHints":{"allow":["GET"]}}],"collection":[{"href":"https:\/\/www.csiliz.sk\/index.php?rest_route=\/wp\/v2\/posts"}],"about":[{"href":"https:\/\/www.csiliz.sk\/index.php?rest_route=\/wp\/v2\/types\/post"}],"author":[{"embeddable":true,"href":"https:\/\/www.csiliz.sk\/index.php?rest_route=\/wp\/v2\/users\/3"}],"replies":[{"embeddable":true,"href":"https:\/\/www.csiliz.sk\/index.php?rest_route=%2Fwp%2Fv2%2Fcomments&post=620"}],"version-history":[{"count":7,"href":"https:\/\/www.csiliz.sk\/index.php?rest_route=\/wp\/v2\/posts\/620\/revisions"}],"predecessor-version":[{"id":649,"href":"https:\/\/www.csiliz.sk\/index.php?rest_route=\/wp\/v2\/posts\/620\/revisions\/649"}],"wp:featuredmedia":[{"embeddable":true,"href":"https:\/\/www.csiliz.sk\/index.php?rest_route=\/wp\/v2\/media\/543"}],"wp:attachment":[{"href":"https:\/\/www.csiliz.sk\/index.php?rest_route=%2Fwp%2Fv2%2Fmedia&parent=620"}],"wp:term":[{"taxonomy":"category","embeddable":true,"href":"https:\/\/www.csiliz.sk\/index.php?rest_route=%2Fwp%2Fv2%2Fcategories&post=620"},{"taxonomy":"post_tag","embeddable":true,"href":"https:\/\/www.csiliz.sk\/index.php?rest_route=%2Fwp%2Fv2%2Ftags&post=620"}],"curies":[{"name":"wp","href":"https:\/\/api.w.org\/{rel}","templated":true}]}}